{"id":17158,"date":"2021-03-31T15:01:13","date_gmt":"2021-03-31T13:01:13","guid":{"rendered":"http:\/\/mabdesign.fr\/y-biologics-pierre-fabre-confirmation-of-research-partnership-in-oncology\/"},"modified":"2023-10-17T10:49:36","modified_gmt":"2023-10-17T08:49:36","slug":"y-biologics-pierre-fabre-confirmation-of-research-partnership-in-oncology","status":"publish","type":"post","link":"https:\/\/mabdesign.fr\/en\/y-biologics-pierre-fabre-confirmation-of-research-partnership-in-oncology\/","title":{"rendered":"Y-Biologics &#038; Pierre Fabre: Confirmation of Research Partnership in Oncology"},"content":{"rendered":"<p><img decoding=\"async\" class=\"alignleft size-full wp-image-7365\" src=\"http:\/\/mabdesign.fr\/wp-content\/uploads\/2023\/10\/PF-YBiologics.jpg\" alt=\"\" width=\"149\" height=\"131\" \/> Boulogne Billancourt, France, March 31, 2021 &#8211;(<a href=\"https:\/\/www.pr.com\/\">PR.com<\/a>)&#8211; The South Korean biotech company Y-Biologics and the French pharmaceutical group Pierre Fabre announce the conclusion of a strategic Research Collaboration &amp; Optional License Agreement concerning several targets in the field of immuno-oncology.<\/p>\n<p>This strategic partnership between Y-Biologics and Pierre Fabre follows the signing of a letter of intent in November 2020 and the subsequent testing of Y-Biologic\u2019s monoclonal antibodies on a first tumor microenvironment (TME) target selected by Pierre Fabre. This initial testing proved to be conclusive and confirmed the opportunity for Y-Biologics and Pierre Fabre to strengthen their partnership. <a href=\"https:\/\/www.pr.com\/press-release\/833597\" target=\"_blank\" rel=\"noopener noreferrer\">To know more<\/a><\/p>\n","protected":false},"excerpt":{"rendered":"<p>La soci\u00e9t\u00e9 de biotechnologie sud-cor\u00e9enne Y-Biologics et le groupe pharmaceutique fran\u00e7ais Pierre Fabre ont annonc\u00e9 la signature d\u2019un contrat strat\u00e9gique de partenariat de recherche avec une option de licence portant sur plusieurs cibles dans le domaine de l\u2019immuno-oncologie.<\/p>\n","protected":false},"author":1,"featured_media":9434,"comment_status":"closed","ping_status":"open","sticky":false,"template":"","format":"standard","meta":{"footnotes":""},"categories":[36,32],"tags":[],"class_list":["post-17158","post","type-post","status-publish","format-standard","has-post-thumbnail","hentry","category-news","category-our-members"],"yoast_head":"<!-- This site is optimized with the Yoast SEO plugin v25.8 - https:\/\/yoast.com\/wordpress\/plugins\/seo\/ -->\n<title>Y-Biologics &amp; Pierre Fabre: Confirmation of Research Partnership in Oncology - MabDesign<\/title>\n<meta name=\"description\" content=\"La soci\u00e9t\u00e9 de biotechnologie sud-cor\u00e9enne Y-Biologics et le groupe pharmaceutique fran\u00e7ais Pierre Fabre ont annonc\u00e9 la signature d\u2019un contrat strat\u00e9gique de partenariat de recherche avec une option de licence portant sur plusieurs cibles dans le domaine de l\u2019immuno-oncologie.\" \/>\n<meta name=\"robots\" content=\"index, follow, max-snippet:-1, max-image-preview:large, max-video-preview:-1\" \/>\n<link rel=\"canonical\" href=\"https:\/\/mabdesign.fr\/en\/y-biologics-pierre-fabre-confirmation-of-research-partnership-in-oncology\/\" \/>\n<meta property=\"og:locale\" content=\"en_US\" \/>\n<meta property=\"og:type\" content=\"article\" \/>\n<meta property=\"og:title\" content=\"Y-Biologics &amp; Pierre Fabre: Confirmation of Research Partnership in Oncology - MabDesign\" \/>\n<meta property=\"og:description\" content=\"La soci\u00e9t\u00e9 de biotechnologie sud-cor\u00e9enne Y-Biologics et le groupe pharmaceutique fran\u00e7ais Pierre Fabre ont annonc\u00e9 la signature d\u2019un contrat strat\u00e9gique de partenariat de recherche avec une option de licence portant sur plusieurs cibles dans le domaine de l\u2019immuno-oncologie.\" \/>\n<meta property=\"og:url\" content=\"https:\/\/mabdesign.fr\/en\/y-biologics-pierre-fabre-confirmation-of-research-partnership-in-oncology\/\" \/>\n<meta property=\"og:site_name\" content=\"MabDesign\" \/>\n<meta property=\"article:published_time\" content=\"2021-03-31T13:01:13+00:00\" \/>\n<meta property=\"article:modified_time\" content=\"2023-10-17T08:49:36+00:00\" \/>\n<meta property=\"og:image\" content=\"https:\/\/mabdesign.fr\/wp-content\/uploads\/2023\/10\/PF-YBiologics.jpg\" \/>\n\t<meta property=\"og:image:width\" content=\"149\" \/>\n\t<meta property=\"og:image:height\" content=\"131\" \/>\n\t<meta property=\"og:image:type\" content=\"image\/jpeg\" \/>\n<meta name=\"author\" content=\"alexis.mathias@kairios.fr\" \/>\n<meta name=\"twitter:card\" content=\"summary_large_image\" \/>\n<meta name=\"twitter:creator\" content=\"@MabDesign_fr\" \/>\n<meta name=\"twitter:site\" content=\"@MabDesign_fr\" \/>\n<meta name=\"twitter:label1\" content=\"Written by\" \/>\n\t<meta name=\"twitter:data1\" content=\"alexis.mathias@kairios.fr\" \/>\n\t<meta name=\"twitter:label2\" content=\"Est. reading time\" \/>\n\t<meta name=\"twitter:data2\" content=\"1 minute\" \/>\n<script type=\"application\/ld+json\" class=\"yoast-schema-graph\">{\"@context\":\"https:\/\/schema.org\",\"@graph\":[{\"@type\":\"Article\",\"@id\":\"https:\/\/mabdesign.fr\/en\/y-biologics-pierre-fabre-confirmation-of-research-partnership-in-oncology\/#article\",\"isPartOf\":{\"@id\":\"https:\/\/mabdesign.fr\/en\/y-biologics-pierre-fabre-confirmation-of-research-partnership-in-oncology\/\"},\"author\":{\"name\":\"alexis.mathias@kairios.fr\",\"@id\":\"https:\/\/mabdesign.fr\/en\/#\/schema\/person\/0a9d0510f7433c83f9e6974b2a9c0135\"},\"headline\":\"Y-Biologics &#038; Pierre Fabre: Confirmation of Research Partnership in Oncology\",\"datePublished\":\"2021-03-31T13:01:13+00:00\",\"dateModified\":\"2023-10-17T08:49:36+00:00\",\"mainEntityOfPage\":{\"@id\":\"https:\/\/mabdesign.fr\/en\/y-biologics-pierre-fabre-confirmation-of-research-partnership-in-oncology\/\"},\"wordCount\":111,\"publisher\":{\"@id\":\"https:\/\/mabdesign.fr\/en\/#organization\"},\"image\":{\"@id\":\"https:\/\/mabdesign.fr\/en\/y-biologics-pierre-fabre-confirmation-of-research-partnership-in-oncology\/#primaryimage\"},\"thumbnailUrl\":\"https:\/\/mabdesign.fr\/wp-content\/uploads\/2023\/10\/PF-YBiologics.jpg\",\"articleSection\":[\"News\",\"Our members\"],\"inLanguage\":\"en-US\"},{\"@type\":\"WebPage\",\"@id\":\"https:\/\/mabdesign.fr\/en\/y-biologics-pierre-fabre-confirmation-of-research-partnership-in-oncology\/\",\"url\":\"https:\/\/mabdesign.fr\/en\/y-biologics-pierre-fabre-confirmation-of-research-partnership-in-oncology\/\",\"name\":\"Y-Biologics & Pierre Fabre: Confirmation of Research Partnership in Oncology - MabDesign\",\"isPartOf\":{\"@id\":\"https:\/\/mabdesign.fr\/en\/#website\"},\"primaryImageOfPage\":{\"@id\":\"https:\/\/mabdesign.fr\/en\/y-biologics-pierre-fabre-confirmation-of-research-partnership-in-oncology\/#primaryimage\"},\"image\":{\"@id\":\"https:\/\/mabdesign.fr\/en\/y-biologics-pierre-fabre-confirmation-of-research-partnership-in-oncology\/#primaryimage\"},\"thumbnailUrl\":\"https:\/\/mabdesign.fr\/wp-content\/uploads\/2023\/10\/PF-YBiologics.jpg\",\"datePublished\":\"2021-03-31T13:01:13+00:00\",\"dateModified\":\"2023-10-17T08:49:36+00:00\",\"description\":\"La soci\u00e9t\u00e9 de biotechnologie sud-cor\u00e9enne Y-Biologics et le groupe pharmaceutique fran\u00e7ais Pierre Fabre ont annonc\u00e9 la signature d\u2019un contrat strat\u00e9gique de partenariat de recherche avec une option de licence portant sur plusieurs cibles dans le domaine de l\u2019immuno-oncologie.\",\"breadcrumb\":{\"@id\":\"https:\/\/mabdesign.fr\/en\/y-biologics-pierre-fabre-confirmation-of-research-partnership-in-oncology\/#breadcrumb\"},\"inLanguage\":\"en-US\",\"potentialAction\":[{\"@type\":\"ReadAction\",\"target\":[\"https:\/\/mabdesign.fr\/en\/y-biologics-pierre-fabre-confirmation-of-research-partnership-in-oncology\/\"]}]},{\"@type\":\"ImageObject\",\"inLanguage\":\"en-US\",\"@id\":\"https:\/\/mabdesign.fr\/en\/y-biologics-pierre-fabre-confirmation-of-research-partnership-in-oncology\/#primaryimage\",\"url\":\"https:\/\/mabdesign.fr\/wp-content\/uploads\/2023\/10\/PF-YBiologics.jpg\",\"contentUrl\":\"https:\/\/mabdesign.fr\/wp-content\/uploads\/2023\/10\/PF-YBiologics.jpg\",\"width\":149,\"height\":131},{\"@type\":\"BreadcrumbList\",\"@id\":\"https:\/\/mabdesign.fr\/en\/y-biologics-pierre-fabre-confirmation-of-research-partnership-in-oncology\/#breadcrumb\",\"itemListElement\":[{\"@type\":\"ListItem\",\"position\":1,\"name\":\"Accueil\",\"item\":\"https:\/\/mabdesign.fr\/en\/\"},{\"@type\":\"ListItem\",\"position\":2,\"name\":\"Y-Biologics &#038; Pierre Fabre: Confirmation of Research Partnership in Oncology\"}]},{\"@type\":\"WebSite\",\"@id\":\"https:\/\/mabdesign.fr\/en\/#website\",\"url\":\"https:\/\/mabdesign.fr\/en\/\",\"name\":\"Mabdesign\",\"description\":\"The Biotherapy Expert\",\"publisher\":{\"@id\":\"https:\/\/mabdesign.fr\/en\/#organization\"},\"potentialAction\":[{\"@type\":\"SearchAction\",\"target\":{\"@type\":\"EntryPoint\",\"urlTemplate\":\"https:\/\/mabdesign.fr\/en\/?s={search_term_string}\"},\"query-input\":{\"@type\":\"PropertyValueSpecification\",\"valueRequired\":true,\"valueName\":\"search_term_string\"}}],\"inLanguage\":\"en-US\"},{\"@type\":\"Organization\",\"@id\":\"https:\/\/mabdesign.fr\/en\/#organization\",\"name\":\"Mabdesign\",\"url\":\"https:\/\/mabdesign.fr\/en\/\",\"logo\":{\"@type\":\"ImageObject\",\"inLanguage\":\"en-US\",\"@id\":\"https:\/\/mabdesign.fr\/en\/#\/schema\/logo\/image\/\",\"url\":\"https:\/\/mabdesign.fr\/wp-content\/uploads\/2022\/11\/logo-mabdesign.png\",\"contentUrl\":\"https:\/\/mabdesign.fr\/wp-content\/uploads\/2022\/11\/logo-mabdesign.png\",\"width\":786,\"height\":233,\"caption\":\"Mabdesign\"},\"image\":{\"@id\":\"https:\/\/mabdesign.fr\/en\/#\/schema\/logo\/image\/\"},\"sameAs\":[\"https:\/\/x.com\/MabDesign_fr\",\"https:\/\/www.linkedin.com\/company\/mabdesign\/\"]},{\"@type\":\"Person\",\"@id\":\"https:\/\/mabdesign.fr\/en\/#\/schema\/person\/0a9d0510f7433c83f9e6974b2a9c0135\",\"name\":\"alexis.mathias@kairios.fr\",\"image\":{\"@type\":\"ImageObject\",\"inLanguage\":\"en-US\",\"@id\":\"https:\/\/mabdesign.fr\/en\/#\/schema\/person\/image\/\",\"url\":\"https:\/\/secure.gravatar.com\/avatar\/9f0235d3b23103c20120728bbe93c75ab83e508d42949114def0b4d989a03f94?s=96&d=mm&r=g\",\"contentUrl\":\"https:\/\/secure.gravatar.com\/avatar\/9f0235d3b23103c20120728bbe93c75ab83e508d42949114def0b4d989a03f94?s=96&d=mm&r=g\",\"caption\":\"alexis.mathias@kairios.fr\"},\"sameAs\":[\"http:\/\/mabdesign.fr\"],\"url\":\"https:\/\/mabdesign.fr\/en\/author\/amathiasigtcreative-fr\/\"}]}<\/script>\n<!-- \/ Yoast SEO plugin. -->","yoast_head_json":{"title":"Y-Biologics & Pierre Fabre: Confirmation of Research Partnership in Oncology - MabDesign","description":"La soci\u00e9t\u00e9 de biotechnologie sud-cor\u00e9enne Y-Biologics et le groupe pharmaceutique fran\u00e7ais Pierre Fabre ont annonc\u00e9 la signature d\u2019un contrat strat\u00e9gique de partenariat de recherche avec une option de licence portant sur plusieurs cibles dans le domaine de l\u2019immuno-oncologie.","robots":{"index":"index","follow":"follow","max-snippet":"max-snippet:-1","max-image-preview":"max-image-preview:large","max-video-preview":"max-video-preview:-1"},"canonical":"https:\/\/mabdesign.fr\/en\/y-biologics-pierre-fabre-confirmation-of-research-partnership-in-oncology\/","og_locale":"en_US","og_type":"article","og_title":"Y-Biologics & Pierre Fabre: Confirmation of Research Partnership in Oncology - MabDesign","og_description":"La soci\u00e9t\u00e9 de biotechnologie sud-cor\u00e9enne Y-Biologics et le groupe pharmaceutique fran\u00e7ais Pierre Fabre ont annonc\u00e9 la signature d\u2019un contrat strat\u00e9gique de partenariat de recherche avec une option de licence portant sur plusieurs cibles dans le domaine de l\u2019immuno-oncologie.","og_url":"https:\/\/mabdesign.fr\/en\/y-biologics-pierre-fabre-confirmation-of-research-partnership-in-oncology\/","og_site_name":"MabDesign","article_published_time":"2021-03-31T13:01:13+00:00","article_modified_time":"2023-10-17T08:49:36+00:00","og_image":[{"width":149,"height":131,"url":"https:\/\/mabdesign.fr\/wp-content\/uploads\/2023\/10\/PF-YBiologics.jpg","type":"image\/jpeg"}],"author":"alexis.mathias@kairios.fr","twitter_card":"summary_large_image","twitter_creator":"@MabDesign_fr","twitter_site":"@MabDesign_fr","twitter_misc":{"Written by":"alexis.mathias@kairios.fr","Est. reading time":"1 minute"},"schema":{"@context":"https:\/\/schema.org","@graph":[{"@type":"Article","@id":"https:\/\/mabdesign.fr\/en\/y-biologics-pierre-fabre-confirmation-of-research-partnership-in-oncology\/#article","isPartOf":{"@id":"https:\/\/mabdesign.fr\/en\/y-biologics-pierre-fabre-confirmation-of-research-partnership-in-oncology\/"},"author":{"name":"alexis.mathias@kairios.fr","@id":"https:\/\/mabdesign.fr\/en\/#\/schema\/person\/0a9d0510f7433c83f9e6974b2a9c0135"},"headline":"Y-Biologics &#038; Pierre Fabre: Confirmation of Research Partnership in Oncology","datePublished":"2021-03-31T13:01:13+00:00","dateModified":"2023-10-17T08:49:36+00:00","mainEntityOfPage":{"@id":"https:\/\/mabdesign.fr\/en\/y-biologics-pierre-fabre-confirmation-of-research-partnership-in-oncology\/"},"wordCount":111,"publisher":{"@id":"https:\/\/mabdesign.fr\/en\/#organization"},"image":{"@id":"https:\/\/mabdesign.fr\/en\/y-biologics-pierre-fabre-confirmation-of-research-partnership-in-oncology\/#primaryimage"},"thumbnailUrl":"https:\/\/mabdesign.fr\/wp-content\/uploads\/2023\/10\/PF-YBiologics.jpg","articleSection":["News","Our members"],"inLanguage":"en-US"},{"@type":"WebPage","@id":"https:\/\/mabdesign.fr\/en\/y-biologics-pierre-fabre-confirmation-of-research-partnership-in-oncology\/","url":"https:\/\/mabdesign.fr\/en\/y-biologics-pierre-fabre-confirmation-of-research-partnership-in-oncology\/","name":"Y-Biologics & Pierre Fabre: Confirmation of Research Partnership in Oncology - MabDesign","isPartOf":{"@id":"https:\/\/mabdesign.fr\/en\/#website"},"primaryImageOfPage":{"@id":"https:\/\/mabdesign.fr\/en\/y-biologics-pierre-fabre-confirmation-of-research-partnership-in-oncology\/#primaryimage"},"image":{"@id":"https:\/\/mabdesign.fr\/en\/y-biologics-pierre-fabre-confirmation-of-research-partnership-in-oncology\/#primaryimage"},"thumbnailUrl":"https:\/\/mabdesign.fr\/wp-content\/uploads\/2023\/10\/PF-YBiologics.jpg","datePublished":"2021-03-31T13:01:13+00:00","dateModified":"2023-10-17T08:49:36+00:00","description":"La soci\u00e9t\u00e9 de biotechnologie sud-cor\u00e9enne Y-Biologics et le groupe pharmaceutique fran\u00e7ais Pierre Fabre ont annonc\u00e9 la signature d\u2019un contrat strat\u00e9gique de partenariat de recherche avec une option de licence portant sur plusieurs cibles dans le domaine de l\u2019immuno-oncologie.","breadcrumb":{"@id":"https:\/\/mabdesign.fr\/en\/y-biologics-pierre-fabre-confirmation-of-research-partnership-in-oncology\/#breadcrumb"},"inLanguage":"en-US","potentialAction":[{"@type":"ReadAction","target":["https:\/\/mabdesign.fr\/en\/y-biologics-pierre-fabre-confirmation-of-research-partnership-in-oncology\/"]}]},{"@type":"ImageObject","inLanguage":"en-US","@id":"https:\/\/mabdesign.fr\/en\/y-biologics-pierre-fabre-confirmation-of-research-partnership-in-oncology\/#primaryimage","url":"https:\/\/mabdesign.fr\/wp-content\/uploads\/2023\/10\/PF-YBiologics.jpg","contentUrl":"https:\/\/mabdesign.fr\/wp-content\/uploads\/2023\/10\/PF-YBiologics.jpg","width":149,"height":131},{"@type":"BreadcrumbList","@id":"https:\/\/mabdesign.fr\/en\/y-biologics-pierre-fabre-confirmation-of-research-partnership-in-oncology\/#breadcrumb","itemListElement":[{"@type":"ListItem","position":1,"name":"Accueil","item":"https:\/\/mabdesign.fr\/en\/"},{"@type":"ListItem","position":2,"name":"Y-Biologics &#038; Pierre Fabre: Confirmation of Research Partnership in Oncology"}]},{"@type":"WebSite","@id":"https:\/\/mabdesign.fr\/en\/#website","url":"https:\/\/mabdesign.fr\/en\/","name":"Mabdesign","description":"The Biotherapy Expert","publisher":{"@id":"https:\/\/mabdesign.fr\/en\/#organization"},"potentialAction":[{"@type":"SearchAction","target":{"@type":"EntryPoint","urlTemplate":"https:\/\/mabdesign.fr\/en\/?s={search_term_string}"},"query-input":{"@type":"PropertyValueSpecification","valueRequired":true,"valueName":"search_term_string"}}],"inLanguage":"en-US"},{"@type":"Organization","@id":"https:\/\/mabdesign.fr\/en\/#organization","name":"Mabdesign","url":"https:\/\/mabdesign.fr\/en\/","logo":{"@type":"ImageObject","inLanguage":"en-US","@id":"https:\/\/mabdesign.fr\/en\/#\/schema\/logo\/image\/","url":"https:\/\/mabdesign.fr\/wp-content\/uploads\/2022\/11\/logo-mabdesign.png","contentUrl":"https:\/\/mabdesign.fr\/wp-content\/uploads\/2022\/11\/logo-mabdesign.png","width":786,"height":233,"caption":"Mabdesign"},"image":{"@id":"https:\/\/mabdesign.fr\/en\/#\/schema\/logo\/image\/"},"sameAs":["https:\/\/x.com\/MabDesign_fr","https:\/\/www.linkedin.com\/company\/mabdesign\/"]},{"@type":"Person","@id":"https:\/\/mabdesign.fr\/en\/#\/schema\/person\/0a9d0510f7433c83f9e6974b2a9c0135","name":"alexis.mathias@kairios.fr","image":{"@type":"ImageObject","inLanguage":"en-US","@id":"https:\/\/mabdesign.fr\/en\/#\/schema\/person\/image\/","url":"https:\/\/secure.gravatar.com\/avatar\/9f0235d3b23103c20120728bbe93c75ab83e508d42949114def0b4d989a03f94?s=96&d=mm&r=g","contentUrl":"https:\/\/secure.gravatar.com\/avatar\/9f0235d3b23103c20120728bbe93c75ab83e508d42949114def0b4d989a03f94?s=96&d=mm&r=g","caption":"alexis.mathias@kairios.fr"},"sameAs":["http:\/\/mabdesign.fr"],"url":"https:\/\/mabdesign.fr\/en\/author\/amathiasigtcreative-fr\/"}]}},"_links":{"self":[{"href":"https:\/\/mabdesign.fr\/en\/wp-json\/wp\/v2\/posts\/17158","targetHints":{"allow":["GET"]}}],"collection":[{"href":"https:\/\/mabdesign.fr\/en\/wp-json\/wp\/v2\/posts"}],"about":[{"href":"https:\/\/mabdesign.fr\/en\/wp-json\/wp\/v2\/types\/post"}],"author":[{"embeddable":true,"href":"https:\/\/mabdesign.fr\/en\/wp-json\/wp\/v2\/users\/1"}],"replies":[{"embeddable":true,"href":"https:\/\/mabdesign.fr\/en\/wp-json\/wp\/v2\/comments?post=17158"}],"version-history":[{"count":0,"href":"https:\/\/mabdesign.fr\/en\/wp-json\/wp\/v2\/posts\/17158\/revisions"}],"wp:featuredmedia":[{"embeddable":true,"href":"https:\/\/mabdesign.fr\/en\/wp-json\/wp\/v2\/media\/9434"}],"wp:attachment":[{"href":"https:\/\/mabdesign.fr\/en\/wp-json\/wp\/v2\/media?parent=17158"}],"wp:term":[{"taxonomy":"category","embeddable":true,"href":"https:\/\/mabdesign.fr\/en\/wp-json\/wp\/v2\/categories?post=17158"},{"taxonomy":"post_tag","embeddable":true,"href":"https:\/\/mabdesign.fr\/en\/wp-json\/wp\/v2\/tags?post=17158"}],"curies":[{"name":"wp","href":"https:\/\/api.w.org\/{rel}","templated":true}]}}