{"id":16414,"date":"2020-08-26T09:16:05","date_gmt":"2020-08-26T07:16:05","guid":{"rendered":"http:\/\/mabdesign.fr\/carla-da-costa-nommee-directrice-generale-de-creapharm-group\/"},"modified":"2020-08-26T09:16:05","modified_gmt":"2020-08-26T07:16:05","slug":"carla-da-costa-nommee-directrice-generale-de-creapharm-group","status":"publish","type":"post","link":"https:\/\/mabdesign.fr\/en\/carla-da-costa-nommee-directrice-generale-de-creapharm-group\/","title":{"rendered":"Carla DA COSTA nomm\u00e9e Directrice G\u00e9n\u00e9rale de CREAPHARM GROUP"},"content":{"rendered":"<p>23 Juin 2020 &#8211; Eric Placet, Pr\u00e9sident de <a href=\"https:\/\/www.creapharm.com\/\" target=\"_blank\" rel=\"noopener noreferrer\"><strong>CREAPHARM GROUP<\/strong><\/a> annonce la nomination de Carla Da Costa en qualit\u00e9 de Directrice G\u00e9n\u00e9rale \u00e0 compter du 16 juin 2020.<br \/>\nBusiness Development Director et membre du Comit\u00e9 Ex\u00e9cutif du groupe, Carla Da Costa accompagne Eric Placet depuis 2013. <a href=\"http:\/\/mabdesign.fr\/wp-content\/uploads\/2020\/08\/CREAPHARM_GROUP_Communique_Presse_Nomination_CarlaDaCosta.pdf\" target=\"_blank\" rel=\"noopener noreferrer\">En savoir plus<\/a><\/p>\n","protected":false},"excerpt":{"rendered":"<p>23 Juin 2020 &#8211; Eric Placet, Pr\u00e9sident de CREAPHARM GROUP annonce la nomination de Carla Da Costa en qualit\u00e9 de Directrice G\u00e9n\u00e9rale \u00e0 compter du 16 juin 2020. Business Development Director et membre du Comit\u00e9 Ex\u00e9cutif du groupe, Carla Da Costa accompagne Eric Placet depuis 2013. En savoir plus<\/p>\n","protected":false},"author":1,"featured_media":0,"comment_status":"closed","ping_status":"open","sticky":false,"template":"","format":"standard","meta":{"footnotes":""},"categories":[9,13],"tags":[],"class_list":["post-16414","post","type-post","status-publish","format-standard","hentry","category-actualites","category-nos-adherents"],"yoast_head":"<!-- This site is optimized with the Yoast SEO plugin v25.8 - https:\/\/yoast.com\/wordpress\/plugins\/seo\/ -->\n<title>Carla DA COSTA nomm\u00e9e Directrice G\u00e9n\u00e9rale de CREAPHARM GROUP - MabDesign<\/title>\n<meta name=\"description\" content=\"23 Juin 2020 - Eric Placet, Pr\u00e9sident de CREAPHARM GROUP annonce la nomination de Carla Da Costa en qualit\u00e9 de Directrice G\u00e9n\u00e9rale \u00e0 compter du 16 juin\" \/>\n<meta name=\"robots\" content=\"index, follow, max-snippet:-1, max-image-preview:large, max-video-preview:-1\" \/>\n<link rel=\"canonical\" href=\"https:\/\/mabdesign.fr\/en\/carla-da-costa-nommee-directrice-generale-de-creapharm-group\/\" \/>\n<meta property=\"og:locale\" content=\"en_US\" \/>\n<meta property=\"og:type\" content=\"article\" \/>\n<meta property=\"og:title\" content=\"Carla DA COSTA nomm\u00e9e Directrice G\u00e9n\u00e9rale de CREAPHARM GROUP - MabDesign\" \/>\n<meta property=\"og:description\" content=\"23 Juin 2020 - Eric Placet, Pr\u00e9sident de CREAPHARM GROUP annonce la nomination de Carla Da Costa en qualit\u00e9 de Directrice G\u00e9n\u00e9rale \u00e0 compter du 16 juin\" \/>\n<meta property=\"og:url\" content=\"https:\/\/mabdesign.fr\/en\/carla-da-costa-nommee-directrice-generale-de-creapharm-group\/\" \/>\n<meta property=\"og:site_name\" content=\"MabDesign\" \/>\n<meta property=\"article:published_time\" content=\"2020-08-26T07:16:05+00:00\" \/>\n<meta name=\"author\" content=\"alexis.mathias@kairios.fr\" \/>\n<meta name=\"twitter:card\" content=\"summary_large_image\" \/>\n<meta name=\"twitter:creator\" content=\"@MabDesign_fr\" \/>\n<meta name=\"twitter:site\" content=\"@MabDesign_fr\" \/>\n<meta name=\"twitter:label1\" content=\"Written by\" \/>\n\t<meta name=\"twitter:data1\" content=\"alexis.mathias@kairios.fr\" \/>\n<script type=\"application\/ld+json\" class=\"yoast-schema-graph\">{\"@context\":\"https:\/\/schema.org\",\"@graph\":[{\"@type\":\"Article\",\"@id\":\"https:\/\/mabdesign.fr\/en\/carla-da-costa-nommee-directrice-generale-de-creapharm-group\/#article\",\"isPartOf\":{\"@id\":\"https:\/\/mabdesign.fr\/en\/carla-da-costa-nommee-directrice-generale-de-creapharm-group\/\"},\"author\":{\"name\":\"alexis.mathias@kairios.fr\",\"@id\":\"https:\/\/mabdesign.fr\/en\/#\/schema\/person\/0a9d0510f7433c83f9e6974b2a9c0135\"},\"headline\":\"Carla DA COSTA nomm\u00e9e Directrice G\u00e9n\u00e9rale de CREAPHARM GROUP\",\"datePublished\":\"2020-08-26T07:16:05+00:00\",\"mainEntityOfPage\":{\"@id\":\"https:\/\/mabdesign.fr\/en\/carla-da-costa-nommee-directrice-generale-de-creapharm-group\/\"},\"wordCount\":59,\"publisher\":{\"@id\":\"https:\/\/mabdesign.fr\/en\/#organization\"},\"articleSection\":[\"Actualit\u00e9s\",\"Nos adh\u00e9rents\"],\"inLanguage\":\"en-US\"},{\"@type\":\"WebPage\",\"@id\":\"https:\/\/mabdesign.fr\/en\/carla-da-costa-nommee-directrice-generale-de-creapharm-group\/\",\"url\":\"https:\/\/mabdesign.fr\/en\/carla-da-costa-nommee-directrice-generale-de-creapharm-group\/\",\"name\":\"Carla DA COSTA nomm\u00e9e Directrice G\u00e9n\u00e9rale de CREAPHARM GROUP - MabDesign\",\"isPartOf\":{\"@id\":\"https:\/\/mabdesign.fr\/en\/#website\"},\"datePublished\":\"2020-08-26T07:16:05+00:00\",\"description\":\"23 Juin 2020 - Eric Placet, Pr\u00e9sident de CREAPHARM GROUP annonce la nomination de Carla Da Costa en qualit\u00e9 de Directrice G\u00e9n\u00e9rale \u00e0 compter du 16 juin\",\"breadcrumb\":{\"@id\":\"https:\/\/mabdesign.fr\/en\/carla-da-costa-nommee-directrice-generale-de-creapharm-group\/#breadcrumb\"},\"inLanguage\":\"en-US\",\"potentialAction\":[{\"@type\":\"ReadAction\",\"target\":[\"https:\/\/mabdesign.fr\/en\/carla-da-costa-nommee-directrice-generale-de-creapharm-group\/\"]}]},{\"@type\":\"BreadcrumbList\",\"@id\":\"https:\/\/mabdesign.fr\/en\/carla-da-costa-nommee-directrice-generale-de-creapharm-group\/#breadcrumb\",\"itemListElement\":[{\"@type\":\"ListItem\",\"position\":1,\"name\":\"Accueil\",\"item\":\"https:\/\/mabdesign.fr\/en\/\"},{\"@type\":\"ListItem\",\"position\":2,\"name\":\"Carla DA COSTA nomm\u00e9e Directrice G\u00e9n\u00e9rale de CREAPHARM GROUP\"}]},{\"@type\":\"WebSite\",\"@id\":\"https:\/\/mabdesign.fr\/en\/#website\",\"url\":\"https:\/\/mabdesign.fr\/en\/\",\"name\":\"Mabdesign\",\"description\":\"The Biotherapy Expert\",\"publisher\":{\"@id\":\"https:\/\/mabdesign.fr\/en\/#organization\"},\"potentialAction\":[{\"@type\":\"SearchAction\",\"target\":{\"@type\":\"EntryPoint\",\"urlTemplate\":\"https:\/\/mabdesign.fr\/en\/?s={search_term_string}\"},\"query-input\":{\"@type\":\"PropertyValueSpecification\",\"valueRequired\":true,\"valueName\":\"search_term_string\"}}],\"inLanguage\":\"en-US\"},{\"@type\":\"Organization\",\"@id\":\"https:\/\/mabdesign.fr\/en\/#organization\",\"name\":\"Mabdesign\",\"url\":\"https:\/\/mabdesign.fr\/en\/\",\"logo\":{\"@type\":\"ImageObject\",\"inLanguage\":\"en-US\",\"@id\":\"https:\/\/mabdesign.fr\/en\/#\/schema\/logo\/image\/\",\"url\":\"https:\/\/mabdesign.fr\/wp-content\/uploads\/2022\/11\/logo-mabdesign.png\",\"contentUrl\":\"https:\/\/mabdesign.fr\/wp-content\/uploads\/2022\/11\/logo-mabdesign.png\",\"width\":786,\"height\":233,\"caption\":\"Mabdesign\"},\"image\":{\"@id\":\"https:\/\/mabdesign.fr\/en\/#\/schema\/logo\/image\/\"},\"sameAs\":[\"https:\/\/x.com\/MabDesign_fr\",\"https:\/\/www.linkedin.com\/company\/mabdesign\/\"]},{\"@type\":\"Person\",\"@id\":\"https:\/\/mabdesign.fr\/en\/#\/schema\/person\/0a9d0510f7433c83f9e6974b2a9c0135\",\"name\":\"alexis.mathias@kairios.fr\",\"image\":{\"@type\":\"ImageObject\",\"inLanguage\":\"en-US\",\"@id\":\"https:\/\/mabdesign.fr\/en\/#\/schema\/person\/image\/\",\"url\":\"https:\/\/secure.gravatar.com\/avatar\/9f0235d3b23103c20120728bbe93c75ab83e508d42949114def0b4d989a03f94?s=96&d=mm&r=g\",\"contentUrl\":\"https:\/\/secure.gravatar.com\/avatar\/9f0235d3b23103c20120728bbe93c75ab83e508d42949114def0b4d989a03f94?s=96&d=mm&r=g\",\"caption\":\"alexis.mathias@kairios.fr\"},\"sameAs\":[\"http:\/\/mabdesign.fr\"],\"url\":\"https:\/\/mabdesign.fr\/en\/author\/amathiasigtcreative-fr\/\"}]}<\/script>\n<!-- \/ Yoast SEO plugin. -->","yoast_head_json":{"title":"Carla DA COSTA nomm\u00e9e Directrice G\u00e9n\u00e9rale de CREAPHARM GROUP - MabDesign","description":"23 Juin 2020 - Eric Placet, Pr\u00e9sident de CREAPHARM GROUP annonce la nomination de Carla Da Costa en qualit\u00e9 de Directrice G\u00e9n\u00e9rale \u00e0 compter du 16 juin","robots":{"index":"index","follow":"follow","max-snippet":"max-snippet:-1","max-image-preview":"max-image-preview:large","max-video-preview":"max-video-preview:-1"},"canonical":"https:\/\/mabdesign.fr\/en\/carla-da-costa-nommee-directrice-generale-de-creapharm-group\/","og_locale":"en_US","og_type":"article","og_title":"Carla DA COSTA nomm\u00e9e Directrice G\u00e9n\u00e9rale de CREAPHARM GROUP - MabDesign","og_description":"23 Juin 2020 - Eric Placet, Pr\u00e9sident de CREAPHARM GROUP annonce la nomination de Carla Da Costa en qualit\u00e9 de Directrice G\u00e9n\u00e9rale \u00e0 compter du 16 juin","og_url":"https:\/\/mabdesign.fr\/en\/carla-da-costa-nommee-directrice-generale-de-creapharm-group\/","og_site_name":"MabDesign","article_published_time":"2020-08-26T07:16:05+00:00","author":"alexis.mathias@kairios.fr","twitter_card":"summary_large_image","twitter_creator":"@MabDesign_fr","twitter_site":"@MabDesign_fr","twitter_misc":{"Written by":"alexis.mathias@kairios.fr"},"schema":{"@context":"https:\/\/schema.org","@graph":[{"@type":"Article","@id":"https:\/\/mabdesign.fr\/en\/carla-da-costa-nommee-directrice-generale-de-creapharm-group\/#article","isPartOf":{"@id":"https:\/\/mabdesign.fr\/en\/carla-da-costa-nommee-directrice-generale-de-creapharm-group\/"},"author":{"name":"alexis.mathias@kairios.fr","@id":"https:\/\/mabdesign.fr\/en\/#\/schema\/person\/0a9d0510f7433c83f9e6974b2a9c0135"},"headline":"Carla DA COSTA nomm\u00e9e Directrice G\u00e9n\u00e9rale de CREAPHARM GROUP","datePublished":"2020-08-26T07:16:05+00:00","mainEntityOfPage":{"@id":"https:\/\/mabdesign.fr\/en\/carla-da-costa-nommee-directrice-generale-de-creapharm-group\/"},"wordCount":59,"publisher":{"@id":"https:\/\/mabdesign.fr\/en\/#organization"},"articleSection":["Actualit\u00e9s","Nos adh\u00e9rents"],"inLanguage":"en-US"},{"@type":"WebPage","@id":"https:\/\/mabdesign.fr\/en\/carla-da-costa-nommee-directrice-generale-de-creapharm-group\/","url":"https:\/\/mabdesign.fr\/en\/carla-da-costa-nommee-directrice-generale-de-creapharm-group\/","name":"Carla DA COSTA nomm\u00e9e Directrice G\u00e9n\u00e9rale de CREAPHARM GROUP - MabDesign","isPartOf":{"@id":"https:\/\/mabdesign.fr\/en\/#website"},"datePublished":"2020-08-26T07:16:05+00:00","description":"23 Juin 2020 - Eric Placet, Pr\u00e9sident de CREAPHARM GROUP annonce la nomination de Carla Da Costa en qualit\u00e9 de Directrice G\u00e9n\u00e9rale \u00e0 compter du 16 juin","breadcrumb":{"@id":"https:\/\/mabdesign.fr\/en\/carla-da-costa-nommee-directrice-generale-de-creapharm-group\/#breadcrumb"},"inLanguage":"en-US","potentialAction":[{"@type":"ReadAction","target":["https:\/\/mabdesign.fr\/en\/carla-da-costa-nommee-directrice-generale-de-creapharm-group\/"]}]},{"@type":"BreadcrumbList","@id":"https:\/\/mabdesign.fr\/en\/carla-da-costa-nommee-directrice-generale-de-creapharm-group\/#breadcrumb","itemListElement":[{"@type":"ListItem","position":1,"name":"Accueil","item":"https:\/\/mabdesign.fr\/en\/"},{"@type":"ListItem","position":2,"name":"Carla DA COSTA nomm\u00e9e Directrice G\u00e9n\u00e9rale de CREAPHARM GROUP"}]},{"@type":"WebSite","@id":"https:\/\/mabdesign.fr\/en\/#website","url":"https:\/\/mabdesign.fr\/en\/","name":"Mabdesign","description":"The Biotherapy Expert","publisher":{"@id":"https:\/\/mabdesign.fr\/en\/#organization"},"potentialAction":[{"@type":"SearchAction","target":{"@type":"EntryPoint","urlTemplate":"https:\/\/mabdesign.fr\/en\/?s={search_term_string}"},"query-input":{"@type":"PropertyValueSpecification","valueRequired":true,"valueName":"search_term_string"}}],"inLanguage":"en-US"},{"@type":"Organization","@id":"https:\/\/mabdesign.fr\/en\/#organization","name":"Mabdesign","url":"https:\/\/mabdesign.fr\/en\/","logo":{"@type":"ImageObject","inLanguage":"en-US","@id":"https:\/\/mabdesign.fr\/en\/#\/schema\/logo\/image\/","url":"https:\/\/mabdesign.fr\/wp-content\/uploads\/2022\/11\/logo-mabdesign.png","contentUrl":"https:\/\/mabdesign.fr\/wp-content\/uploads\/2022\/11\/logo-mabdesign.png","width":786,"height":233,"caption":"Mabdesign"},"image":{"@id":"https:\/\/mabdesign.fr\/en\/#\/schema\/logo\/image\/"},"sameAs":["https:\/\/x.com\/MabDesign_fr","https:\/\/www.linkedin.com\/company\/mabdesign\/"]},{"@type":"Person","@id":"https:\/\/mabdesign.fr\/en\/#\/schema\/person\/0a9d0510f7433c83f9e6974b2a9c0135","name":"alexis.mathias@kairios.fr","image":{"@type":"ImageObject","inLanguage":"en-US","@id":"https:\/\/mabdesign.fr\/en\/#\/schema\/person\/image\/","url":"https:\/\/secure.gravatar.com\/avatar\/9f0235d3b23103c20120728bbe93c75ab83e508d42949114def0b4d989a03f94?s=96&d=mm&r=g","contentUrl":"https:\/\/secure.gravatar.com\/avatar\/9f0235d3b23103c20120728bbe93c75ab83e508d42949114def0b4d989a03f94?s=96&d=mm&r=g","caption":"alexis.mathias@kairios.fr"},"sameAs":["http:\/\/mabdesign.fr"],"url":"https:\/\/mabdesign.fr\/en\/author\/amathiasigtcreative-fr\/"}]}},"_links":{"self":[{"href":"https:\/\/mabdesign.fr\/en\/wp-json\/wp\/v2\/posts\/16414","targetHints":{"allow":["GET"]}}],"collection":[{"href":"https:\/\/mabdesign.fr\/en\/wp-json\/wp\/v2\/posts"}],"about":[{"href":"https:\/\/mabdesign.fr\/en\/wp-json\/wp\/v2\/types\/post"}],"author":[{"embeddable":true,"href":"https:\/\/mabdesign.fr\/en\/wp-json\/wp\/v2\/users\/1"}],"replies":[{"embeddable":true,"href":"https:\/\/mabdesign.fr\/en\/wp-json\/wp\/v2\/comments?post=16414"}],"version-history":[{"count":0,"href":"https:\/\/mabdesign.fr\/en\/wp-json\/wp\/v2\/posts\/16414\/revisions"}],"wp:attachment":[{"href":"https:\/\/mabdesign.fr\/en\/wp-json\/wp\/v2\/media?parent=16414"}],"wp:term":[{"taxonomy":"category","embeddable":true,"href":"https:\/\/mabdesign.fr\/en\/wp-json\/wp\/v2\/categories?post=16414"},{"taxonomy":"post_tag","embeddable":true,"href":"https:\/\/mabdesign.fr\/en\/wp-json\/wp\/v2\/tags?post=16414"}],"curies":[{"name":"wp","href":"https:\/\/api.w.org\/{rel}","templated":true}]}}