{"id":16248,"date":"2018-10-10T15:20:41","date_gmt":"2018-10-10T13:20:41","guid":{"rendered":"http:\/\/mabdesign.fr\/bilan-des-master-classes-de-limmunotherapie-2018\/"},"modified":"2023-10-17T10:35:38","modified_gmt":"2023-10-17T08:35:38","slug":"bilan-des-master-classes-de-limmunotherapie-2018","status":"publish","type":"post","link":"https:\/\/mabdesign.fr\/en\/bilan-des-master-classes-de-limmunotherapie-2018\/","title":{"rendered":"Bilan des Master Classes de l&#8217;immunoth\u00e9rapie 2018"},"content":{"rendered":"<p><img fetchpriority=\"high\" decoding=\"async\" class=\" wp-image-4750 alignright\" src=\"http:\/\/mabdesign.fr\/wp-content\/uploads\/2023\/10\/Master-Classes-Octobre-2018-3-300x150.png\" alt=\"\" width=\"468\" height=\"234\" \/>La premi\u00e8re \u00e9dition des <span style=\"color: #086273;\"><strong>Master Classes de l&#8217;immunoth\u00e9rapie<\/strong><\/span> a eu lieu \u00e0 Tours les 1er et 2 octobre 2018, au Bio3 Institute. L&#8217;\u00e9v\u00e8nement-formation a \u00e9t\u00e9 co-organis\u00e9 par <strong>MabDesign<\/strong>, le <strong>Groupe IMT<\/strong> et le <strong>LabEx MAbImprove<\/strong>. Cette premi\u00e8re a r\u00e9uni plus de 60 personnes issues de startup, soci\u00e9t\u00e9s de biotechnologies, groupes pharmaceutiques et structures acad\u00e9miques, parmi 7 formations organis\u00e9es en parall\u00e8le.<\/p>\n<p>Les Master Classes ont f\u00e9d\u00e9r\u00e9 :<\/p>\n<ul>\n<li>6 acteurs formations du secteur des biotechnologies et biom\u00e9dicament<\/li>\n<li>9 acteurs industriels partenaires<\/li>\n<li>3 conf\u00e9renciers sur les CAR T-cells<\/li>\n<li>5 acteurs r\u00e9seaux<\/li>\n<li>+25 soci\u00e9t\u00e9s et laboratoires acad\u00e9miques pr\u00e9sents lors des Master Classes<\/li>\n<\/ul>\n<p>Ce succ\u00e8s de la premi\u00e8re \u00e9dition appelle a renouveler l&#8217;exp\u00e9rience p\u00e9dagogique unique qu&#8217;offre les Master Classes, rendez-vous l&#8217;ann\u00e9e prochaine, les 11 et 12 juillet 2019 \u00e0 Bordeaux pour la seconde \u00e9dition, organis\u00e9e par <strong>MabDesign<\/strong>, <strong>ENSTBB<\/strong> et le <strong>Groupe IMT<\/strong>.<\/p>\n<p>D\u00e9couvrez les Master Classes <a href=\"http:\/\/masterclasses-immuno.fr\"><strong><span style=\"color: #3a913f;\">ici<\/span><\/strong><\/a>.<\/p>\n<p>Suivez-nous sur <span style=\"color: #3a913f;\"><strong><a style=\"color: #3a913f;\" href=\"https:\/\/www.linkedin.com\/company\/master-classes-immunotherapie\/\">Linked In<\/a><\/strong><\/span> pour ne rien rater des actualit\u00e9s 2019 !<\/p>\n<p><img decoding=\"async\" class=\"alignnone wp-image-4749\" src=\"http:\/\/mabdesign.fr\/wp-content\/uploads\/2023\/10\/master-classes-logo-2019-11-1-300x105.png\" alt=\"\" width=\"380\" height=\"133\" \/><\/p>\n","protected":false},"excerpt":{"rendered":"<p>La premi\u00e8re \u00e9dition des Master Classes de l&#8217;immunoth\u00e9rapie a eu lieu \u00e0 Tours les 1er et 2 octobre 2018, au Bio3 Institute. L&#8217;\u00e9v\u00e8nement-formation a \u00e9t\u00e9 co-organis\u00e9 par MabDesign, le Groupe IMT et le LabEx MAbImprove. Cette premi\u00e8re a r\u00e9uni plus de 60 personnes issues de startup, soci\u00e9t\u00e9s de biotechnologies, groupes pharmaceutiques et structures acad\u00e9miques, parmi [&hellip;]<\/p>\n","protected":false},"author":1,"featured_media":8866,"comment_status":"closed","ping_status":"open","sticky":false,"template":"","format":"standard","meta":{"footnotes":""},"categories":[9,12],"tags":[],"class_list":["post-16248","post","type-post","status-publish","format-standard","has-post-thumbnail","hentry","category-actualites","category-mabdesign"],"yoast_head":"<!-- This site is optimized with the Yoast SEO plugin v25.8 - https:\/\/yoast.com\/wordpress\/plugins\/seo\/ -->\n<title>Bilan des Master Classes de l&#039;immunoth\u00e9rapie 2018 - MabDesign<\/title>\n<meta name=\"description\" content=\"La premi\u00e8re \u00e9dition des Master Classes de l&#039;immunoth\u00e9rapie a eu lieu \u00e0 Tours les 1er et 2 octobre 2018, au Bio3 Institute. L&#039;\u00e9v\u00e8nement-formation a \u00e9t\u00e9\" \/>\n<meta name=\"robots\" content=\"index, follow, max-snippet:-1, max-image-preview:large, max-video-preview:-1\" \/>\n<link rel=\"canonical\" href=\"https:\/\/mabdesign.fr\/en\/bilan-des-master-classes-de-limmunotherapie-2018\/\" \/>\n<meta property=\"og:locale\" content=\"en_US\" \/>\n<meta property=\"og:type\" content=\"article\" \/>\n<meta property=\"og:title\" content=\"Bilan des Master Classes de l&#039;immunoth\u00e9rapie 2018 - MabDesign\" \/>\n<meta property=\"og:description\" content=\"La premi\u00e8re \u00e9dition des Master Classes de l&#039;immunoth\u00e9rapie a eu lieu \u00e0 Tours les 1er et 2 octobre 2018, au Bio3 Institute. L&#039;\u00e9v\u00e8nement-formation a \u00e9t\u00e9\" \/>\n<meta property=\"og:url\" content=\"https:\/\/mabdesign.fr\/en\/bilan-des-master-classes-de-limmunotherapie-2018\/\" \/>\n<meta property=\"og:site_name\" content=\"MabDesign\" \/>\n<meta property=\"article:published_time\" content=\"2018-10-10T13:20:41+00:00\" \/>\n<meta property=\"article:modified_time\" content=\"2023-10-17T08:35:38+00:00\" \/>\n<meta property=\"og:image\" content=\"https:\/\/mabdesign.fr\/wp-content\/uploads\/2023\/10\/master-classes-logo-2019-11-1.png\" \/>\n\t<meta property=\"og:image:width\" content=\"3509\" \/>\n\t<meta property=\"og:image:height\" content=\"1233\" \/>\n\t<meta property=\"og:image:type\" content=\"image\/png\" \/>\n<meta name=\"author\" content=\"alexis.mathias@kairios.fr\" \/>\n<meta name=\"twitter:card\" content=\"summary_large_image\" \/>\n<meta name=\"twitter:creator\" content=\"@MabDesign_fr\" \/>\n<meta name=\"twitter:site\" content=\"@MabDesign_fr\" \/>\n<meta name=\"twitter:label1\" content=\"Written by\" \/>\n\t<meta name=\"twitter:data1\" content=\"alexis.mathias@kairios.fr\" \/>\n\t<meta name=\"twitter:label2\" content=\"Est. reading time\" \/>\n\t<meta name=\"twitter:data2\" content=\"1 minute\" \/>\n<script type=\"application\/ld+json\" class=\"yoast-schema-graph\">{\"@context\":\"https:\/\/schema.org\",\"@graph\":[{\"@type\":\"Article\",\"@id\":\"https:\/\/mabdesign.fr\/en\/bilan-des-master-classes-de-limmunotherapie-2018\/#article\",\"isPartOf\":{\"@id\":\"https:\/\/mabdesign.fr\/en\/bilan-des-master-classes-de-limmunotherapie-2018\/\"},\"author\":{\"name\":\"alexis.mathias@kairios.fr\",\"@id\":\"https:\/\/mabdesign.fr\/en\/#\/schema\/person\/0a9d0510f7433c83f9e6974b2a9c0135\"},\"headline\":\"Bilan des Master Classes de l&#8217;immunoth\u00e9rapie 2018\",\"datePublished\":\"2018-10-10T13:20:41+00:00\",\"dateModified\":\"2023-10-17T08:35:38+00:00\",\"mainEntityOfPage\":{\"@id\":\"https:\/\/mabdesign.fr\/en\/bilan-des-master-classes-de-limmunotherapie-2018\/\"},\"wordCount\":177,\"publisher\":{\"@id\":\"https:\/\/mabdesign.fr\/en\/#organization\"},\"image\":{\"@id\":\"https:\/\/mabdesign.fr\/en\/bilan-des-master-classes-de-limmunotherapie-2018\/#primaryimage\"},\"thumbnailUrl\":\"https:\/\/mabdesign.fr\/wp-content\/uploads\/2023\/10\/master-classes-logo-2019-11-1.png\",\"articleSection\":[\"Actualit\u00e9s\",\"Mabdesign\"],\"inLanguage\":\"en-US\"},{\"@type\":\"WebPage\",\"@id\":\"https:\/\/mabdesign.fr\/en\/bilan-des-master-classes-de-limmunotherapie-2018\/\",\"url\":\"https:\/\/mabdesign.fr\/en\/bilan-des-master-classes-de-limmunotherapie-2018\/\",\"name\":\"Bilan des Master Classes de l'immunoth\u00e9rapie 2018 - MabDesign\",\"isPartOf\":{\"@id\":\"https:\/\/mabdesign.fr\/en\/#website\"},\"primaryImageOfPage\":{\"@id\":\"https:\/\/mabdesign.fr\/en\/bilan-des-master-classes-de-limmunotherapie-2018\/#primaryimage\"},\"image\":{\"@id\":\"https:\/\/mabdesign.fr\/en\/bilan-des-master-classes-de-limmunotherapie-2018\/#primaryimage\"},\"thumbnailUrl\":\"https:\/\/mabdesign.fr\/wp-content\/uploads\/2023\/10\/master-classes-logo-2019-11-1.png\",\"datePublished\":\"2018-10-10T13:20:41+00:00\",\"dateModified\":\"2023-10-17T08:35:38+00:00\",\"description\":\"La premi\u00e8re \u00e9dition des Master Classes de l'immunoth\u00e9rapie a eu lieu \u00e0 Tours les 1er et 2 octobre 2018, au Bio3 Institute. L'\u00e9v\u00e8nement-formation a \u00e9t\u00e9\",\"breadcrumb\":{\"@id\":\"https:\/\/mabdesign.fr\/en\/bilan-des-master-classes-de-limmunotherapie-2018\/#breadcrumb\"},\"inLanguage\":\"en-US\",\"potentialAction\":[{\"@type\":\"ReadAction\",\"target\":[\"https:\/\/mabdesign.fr\/en\/bilan-des-master-classes-de-limmunotherapie-2018\/\"]}]},{\"@type\":\"ImageObject\",\"inLanguage\":\"en-US\",\"@id\":\"https:\/\/mabdesign.fr\/en\/bilan-des-master-classes-de-limmunotherapie-2018\/#primaryimage\",\"url\":\"https:\/\/mabdesign.fr\/wp-content\/uploads\/2023\/10\/master-classes-logo-2019-11-1.png\",\"contentUrl\":\"https:\/\/mabdesign.fr\/wp-content\/uploads\/2023\/10\/master-classes-logo-2019-11-1.png\",\"width\":3509,\"height\":1233},{\"@type\":\"BreadcrumbList\",\"@id\":\"https:\/\/mabdesign.fr\/en\/bilan-des-master-classes-de-limmunotherapie-2018\/#breadcrumb\",\"itemListElement\":[{\"@type\":\"ListItem\",\"position\":1,\"name\":\"Accueil\",\"item\":\"https:\/\/mabdesign.fr\/en\/\"},{\"@type\":\"ListItem\",\"position\":2,\"name\":\"Bilan des Master Classes de l&rsquo;immunoth\u00e9rapie 2018\"}]},{\"@type\":\"WebSite\",\"@id\":\"https:\/\/mabdesign.fr\/en\/#website\",\"url\":\"https:\/\/mabdesign.fr\/en\/\",\"name\":\"Mabdesign\",\"description\":\"The Biotherapy Expert\",\"publisher\":{\"@id\":\"https:\/\/mabdesign.fr\/en\/#organization\"},\"potentialAction\":[{\"@type\":\"SearchAction\",\"target\":{\"@type\":\"EntryPoint\",\"urlTemplate\":\"https:\/\/mabdesign.fr\/en\/?s={search_term_string}\"},\"query-input\":{\"@type\":\"PropertyValueSpecification\",\"valueRequired\":true,\"valueName\":\"search_term_string\"}}],\"inLanguage\":\"en-US\"},{\"@type\":\"Organization\",\"@id\":\"https:\/\/mabdesign.fr\/en\/#organization\",\"name\":\"Mabdesign\",\"url\":\"https:\/\/mabdesign.fr\/en\/\",\"logo\":{\"@type\":\"ImageObject\",\"inLanguage\":\"en-US\",\"@id\":\"https:\/\/mabdesign.fr\/en\/#\/schema\/logo\/image\/\",\"url\":\"https:\/\/mabdesign.fr\/wp-content\/uploads\/2022\/11\/logo-mabdesign.png\",\"contentUrl\":\"https:\/\/mabdesign.fr\/wp-content\/uploads\/2022\/11\/logo-mabdesign.png\",\"width\":786,\"height\":233,\"caption\":\"Mabdesign\"},\"image\":{\"@id\":\"https:\/\/mabdesign.fr\/en\/#\/schema\/logo\/image\/\"},\"sameAs\":[\"https:\/\/x.com\/MabDesign_fr\",\"https:\/\/www.linkedin.com\/company\/mabdesign\/\"]},{\"@type\":\"Person\",\"@id\":\"https:\/\/mabdesign.fr\/en\/#\/schema\/person\/0a9d0510f7433c83f9e6974b2a9c0135\",\"name\":\"alexis.mathias@kairios.fr\",\"image\":{\"@type\":\"ImageObject\",\"inLanguage\":\"en-US\",\"@id\":\"https:\/\/mabdesign.fr\/en\/#\/schema\/person\/image\/\",\"url\":\"https:\/\/secure.gravatar.com\/avatar\/9f0235d3b23103c20120728bbe93c75ab83e508d42949114def0b4d989a03f94?s=96&d=mm&r=g\",\"contentUrl\":\"https:\/\/secure.gravatar.com\/avatar\/9f0235d3b23103c20120728bbe93c75ab83e508d42949114def0b4d989a03f94?s=96&d=mm&r=g\",\"caption\":\"alexis.mathias@kairios.fr\"},\"sameAs\":[\"http:\/\/mabdesign.fr\"],\"url\":\"https:\/\/mabdesign.fr\/en\/author\/amathiasigtcreative-fr\/\"}]}<\/script>\n<!-- \/ Yoast SEO plugin. -->","yoast_head_json":{"title":"Bilan des Master Classes de l'immunoth\u00e9rapie 2018 - MabDesign","description":"La premi\u00e8re \u00e9dition des Master Classes de l'immunoth\u00e9rapie a eu lieu \u00e0 Tours les 1er et 2 octobre 2018, au Bio3 Institute. L'\u00e9v\u00e8nement-formation a \u00e9t\u00e9","robots":{"index":"index","follow":"follow","max-snippet":"max-snippet:-1","max-image-preview":"max-image-preview:large","max-video-preview":"max-video-preview:-1"},"canonical":"https:\/\/mabdesign.fr\/en\/bilan-des-master-classes-de-limmunotherapie-2018\/","og_locale":"en_US","og_type":"article","og_title":"Bilan des Master Classes de l'immunoth\u00e9rapie 2018 - MabDesign","og_description":"La premi\u00e8re \u00e9dition des Master Classes de l'immunoth\u00e9rapie a eu lieu \u00e0 Tours les 1er et 2 octobre 2018, au Bio3 Institute. L'\u00e9v\u00e8nement-formation a \u00e9t\u00e9","og_url":"https:\/\/mabdesign.fr\/en\/bilan-des-master-classes-de-limmunotherapie-2018\/","og_site_name":"MabDesign","article_published_time":"2018-10-10T13:20:41+00:00","article_modified_time":"2023-10-17T08:35:38+00:00","og_image":[{"width":3509,"height":1233,"url":"https:\/\/mabdesign.fr\/wp-content\/uploads\/2023\/10\/master-classes-logo-2019-11-1.png","type":"image\/png"}],"author":"alexis.mathias@kairios.fr","twitter_card":"summary_large_image","twitter_creator":"@MabDesign_fr","twitter_site":"@MabDesign_fr","twitter_misc":{"Written by":"alexis.mathias@kairios.fr","Est. reading time":"1 minute"},"schema":{"@context":"https:\/\/schema.org","@graph":[{"@type":"Article","@id":"https:\/\/mabdesign.fr\/en\/bilan-des-master-classes-de-limmunotherapie-2018\/#article","isPartOf":{"@id":"https:\/\/mabdesign.fr\/en\/bilan-des-master-classes-de-limmunotherapie-2018\/"},"author":{"name":"alexis.mathias@kairios.fr","@id":"https:\/\/mabdesign.fr\/en\/#\/schema\/person\/0a9d0510f7433c83f9e6974b2a9c0135"},"headline":"Bilan des Master Classes de l&#8217;immunoth\u00e9rapie 2018","datePublished":"2018-10-10T13:20:41+00:00","dateModified":"2023-10-17T08:35:38+00:00","mainEntityOfPage":{"@id":"https:\/\/mabdesign.fr\/en\/bilan-des-master-classes-de-limmunotherapie-2018\/"},"wordCount":177,"publisher":{"@id":"https:\/\/mabdesign.fr\/en\/#organization"},"image":{"@id":"https:\/\/mabdesign.fr\/en\/bilan-des-master-classes-de-limmunotherapie-2018\/#primaryimage"},"thumbnailUrl":"https:\/\/mabdesign.fr\/wp-content\/uploads\/2023\/10\/master-classes-logo-2019-11-1.png","articleSection":["Actualit\u00e9s","Mabdesign"],"inLanguage":"en-US"},{"@type":"WebPage","@id":"https:\/\/mabdesign.fr\/en\/bilan-des-master-classes-de-limmunotherapie-2018\/","url":"https:\/\/mabdesign.fr\/en\/bilan-des-master-classes-de-limmunotherapie-2018\/","name":"Bilan des Master Classes de l'immunoth\u00e9rapie 2018 - MabDesign","isPartOf":{"@id":"https:\/\/mabdesign.fr\/en\/#website"},"primaryImageOfPage":{"@id":"https:\/\/mabdesign.fr\/en\/bilan-des-master-classes-de-limmunotherapie-2018\/#primaryimage"},"image":{"@id":"https:\/\/mabdesign.fr\/en\/bilan-des-master-classes-de-limmunotherapie-2018\/#primaryimage"},"thumbnailUrl":"https:\/\/mabdesign.fr\/wp-content\/uploads\/2023\/10\/master-classes-logo-2019-11-1.png","datePublished":"2018-10-10T13:20:41+00:00","dateModified":"2023-10-17T08:35:38+00:00","description":"La premi\u00e8re \u00e9dition des Master Classes de l'immunoth\u00e9rapie a eu lieu \u00e0 Tours les 1er et 2 octobre 2018, au Bio3 Institute. L'\u00e9v\u00e8nement-formation a \u00e9t\u00e9","breadcrumb":{"@id":"https:\/\/mabdesign.fr\/en\/bilan-des-master-classes-de-limmunotherapie-2018\/#breadcrumb"},"inLanguage":"en-US","potentialAction":[{"@type":"ReadAction","target":["https:\/\/mabdesign.fr\/en\/bilan-des-master-classes-de-limmunotherapie-2018\/"]}]},{"@type":"ImageObject","inLanguage":"en-US","@id":"https:\/\/mabdesign.fr\/en\/bilan-des-master-classes-de-limmunotherapie-2018\/#primaryimage","url":"https:\/\/mabdesign.fr\/wp-content\/uploads\/2023\/10\/master-classes-logo-2019-11-1.png","contentUrl":"https:\/\/mabdesign.fr\/wp-content\/uploads\/2023\/10\/master-classes-logo-2019-11-1.png","width":3509,"height":1233},{"@type":"BreadcrumbList","@id":"https:\/\/mabdesign.fr\/en\/bilan-des-master-classes-de-limmunotherapie-2018\/#breadcrumb","itemListElement":[{"@type":"ListItem","position":1,"name":"Accueil","item":"https:\/\/mabdesign.fr\/en\/"},{"@type":"ListItem","position":2,"name":"Bilan des Master Classes de l&rsquo;immunoth\u00e9rapie 2018"}]},{"@type":"WebSite","@id":"https:\/\/mabdesign.fr\/en\/#website","url":"https:\/\/mabdesign.fr\/en\/","name":"Mabdesign","description":"The Biotherapy Expert","publisher":{"@id":"https:\/\/mabdesign.fr\/en\/#organization"},"potentialAction":[{"@type":"SearchAction","target":{"@type":"EntryPoint","urlTemplate":"https:\/\/mabdesign.fr\/en\/?s={search_term_string}"},"query-input":{"@type":"PropertyValueSpecification","valueRequired":true,"valueName":"search_term_string"}}],"inLanguage":"en-US"},{"@type":"Organization","@id":"https:\/\/mabdesign.fr\/en\/#organization","name":"Mabdesign","url":"https:\/\/mabdesign.fr\/en\/","logo":{"@type":"ImageObject","inLanguage":"en-US","@id":"https:\/\/mabdesign.fr\/en\/#\/schema\/logo\/image\/","url":"https:\/\/mabdesign.fr\/wp-content\/uploads\/2022\/11\/logo-mabdesign.png","contentUrl":"https:\/\/mabdesign.fr\/wp-content\/uploads\/2022\/11\/logo-mabdesign.png","width":786,"height":233,"caption":"Mabdesign"},"image":{"@id":"https:\/\/mabdesign.fr\/en\/#\/schema\/logo\/image\/"},"sameAs":["https:\/\/x.com\/MabDesign_fr","https:\/\/www.linkedin.com\/company\/mabdesign\/"]},{"@type":"Person","@id":"https:\/\/mabdesign.fr\/en\/#\/schema\/person\/0a9d0510f7433c83f9e6974b2a9c0135","name":"alexis.mathias@kairios.fr","image":{"@type":"ImageObject","inLanguage":"en-US","@id":"https:\/\/mabdesign.fr\/en\/#\/schema\/person\/image\/","url":"https:\/\/secure.gravatar.com\/avatar\/9f0235d3b23103c20120728bbe93c75ab83e508d42949114def0b4d989a03f94?s=96&d=mm&r=g","contentUrl":"https:\/\/secure.gravatar.com\/avatar\/9f0235d3b23103c20120728bbe93c75ab83e508d42949114def0b4d989a03f94?s=96&d=mm&r=g","caption":"alexis.mathias@kairios.fr"},"sameAs":["http:\/\/mabdesign.fr"],"url":"https:\/\/mabdesign.fr\/en\/author\/amathiasigtcreative-fr\/"}]}},"_links":{"self":[{"href":"https:\/\/mabdesign.fr\/en\/wp-json\/wp\/v2\/posts\/16248","targetHints":{"allow":["GET"]}}],"collection":[{"href":"https:\/\/mabdesign.fr\/en\/wp-json\/wp\/v2\/posts"}],"about":[{"href":"https:\/\/mabdesign.fr\/en\/wp-json\/wp\/v2\/types\/post"}],"author":[{"embeddable":true,"href":"https:\/\/mabdesign.fr\/en\/wp-json\/wp\/v2\/users\/1"}],"replies":[{"embeddable":true,"href":"https:\/\/mabdesign.fr\/en\/wp-json\/wp\/v2\/comments?post=16248"}],"version-history":[{"count":0,"href":"https:\/\/mabdesign.fr\/en\/wp-json\/wp\/v2\/posts\/16248\/revisions"}],"wp:featuredmedia":[{"embeddable":true,"href":"https:\/\/mabdesign.fr\/en\/wp-json\/wp\/v2\/media\/8866"}],"wp:attachment":[{"href":"https:\/\/mabdesign.fr\/en\/wp-json\/wp\/v2\/media?parent=16248"}],"wp:term":[{"taxonomy":"category","embeddable":true,"href":"https:\/\/mabdesign.fr\/en\/wp-json\/wp\/v2\/categories?post=16248"},{"taxonomy":"post_tag","embeddable":true,"href":"https:\/\/mabdesign.fr\/en\/wp-json\/wp\/v2\/tags?post=16248"}],"curies":[{"name":"wp","href":"https:\/\/api.w.org\/{rel}","templated":true}]}}