{"id":16168,"date":"2017-10-17T12:07:49","date_gmt":"2017-10-17T10:07:49","guid":{"rendered":"http:\/\/mabdesign.fr\/retour-sur-la-formation-developpement-danticorps-therapeutiques\/"},"modified":"2023-10-17T10:34:49","modified_gmt":"2023-10-17T08:34:49","slug":"retour-sur-la-formation-developpement-danticorps-therapeutiques","status":"publish","type":"post","link":"https:\/\/mabdesign.fr\/en\/retour-sur-la-formation-developpement-danticorps-therapeutiques\/","title":{"rendered":"Retour sur la formation D\u00e9veloppement d&#8217;Anticorps Th\u00e9rapeutiques"},"content":{"rendered":"<p>Les 18, 19, 28 et 29 septembre 2017 s&#8217;est tenue \u00e0 Lyon la deuxi\u00e8me session de la formation <span style=\"color: #086273;\"><strong>D\u00e9veloppement d&#8217;anticorps th\u00e9rapeutiques<\/strong><\/span>. Nous vous proposons une petite r\u00e9trospective sur ces quatre jours de formation intensive !<\/p>\n<p>Le d\u00e9veloppement d&#8217;un anticorps d\u00e9clin\u00e9 en 4 jours :<\/p>\n<ul>\n<li><span style=\"color: #6aa336;\">Jour 1 : G\u00e9n\u00e9ration et ing\u00e9nierie des anticorps<\/span><\/li>\n<li><span style=\"color: #3a913f;\">Jour 2 : \u00c9valuation de la s\u00e9curit\u00e9 pr\u00e9clinique des anticorps et approches \u00e9thiques<\/span><\/li>\n<li><span style=\"color: #009c9b;\">Jour 3 : Production industrielle des anticorps<\/span><\/li>\n<li><span style=\"color: #086273;\">Jour 4 : Les \u00e9tudes cliniques des anticorps<\/span><\/li>\n<\/ul>\n<p>La nouveaut\u00e9 de cette session a \u00e9t\u00e9 la possibilit\u00e9 de s&#8217;inscrire &#8220;\u00e0 la journ\u00e9e&#8221; afin de r\u00e9pondre au mieux aux objectifs de chacun. La formule a pris puisque 13 personnes ont assist\u00e9, tout ou partie, \u00e0 ces journ\u00e9es de formation.<\/p>\n<p>Ainsi, 2018 marquera la cr\u00e9ation des <span style=\"color: #009c9b;\"><strong>parcours p\u00e9dagogiques<\/strong><\/span> que vous pourrez construire selon vos propres besoins pour r\u00e9pondre \u00e0 vos objectifs personnels. A d\u00e9couvrir dans notre <span style=\"color: #086273;\"><strong>catalogue des formations 2018<\/strong><\/span> \u00e0 venir tr\u00e8s bient\u00f4t !<\/p>\n<p style=\"text-align: center;\"><img fetchpriority=\"high\" decoding=\"async\" class=\"alignnone size-medium wp-image-3503\" src=\"http:\/\/mabdesign.fr\/wp-content\/uploads\/2023\/10\/Photo-formation-Septembre-2017-V3-scaled.jpg\" alt=\"Photo formation Septembre 2017 V3\" width=\"300\" height=\"274\" \/>\u00a0\u00a0 <img decoding=\"async\" class=\"alignnone size-medium wp-image-3507\" src=\"http:\/\/mabdesign.fr\/wp-content\/uploads\/2023\/10\/Photo-formation-Septembre-2017-3-300x273.jpg\" alt=\"Photo formation Septembre 2017 - 3\" width=\"300\" height=\"273\" \/>\u00a0\u00a0 <img decoding=\"async\" class=\"size-medium wp-image-3506\" src=\"http:\/\/mabdesign.fr\/wp-content\/uploads\/2023\/10\/Photo-formation-Septembre-2017-2-V2-scaled.jpg\" alt=\"dav\" width=\"300\" height=\"275\" \/><\/p>\n<p><span style=\"text-decoration: underline;\"><strong>Qu&#8217;ont pens\u00e9 les stagiaires de ce programme de formation D\u00e9veloppement d&#8217;anticorps th\u00e9rapeutiques ?<\/strong><\/span><\/p>\n<p><strong>100% des participants<\/strong> de la premi\u00e8re session ont recommand\u00e9 cette formation. Lors de cette nouvelle session, les participants ont donn\u00e9 la note moyenne de <span style=\"color: #3a913f;\"><strong>17\/20<\/strong><\/span> \u00e0 ce programme de formation !<\/p>\n<p>L&#8217;expertise de nos formateurs et leur exp\u00e9rience terrain reste le principal atout de cette formation qui apporte une vision d&#8217;ensemble au d\u00e9veloppement d&#8217;un anticorps.<\/p>\n<p><span style=\"text-decoration: underline;\">Quelques t\u00e9moignages :<\/span><\/p>\n<blockquote><p>&#8220;<span style=\"color: #3a913f;\">Tr\u00e8s bonne vue d&#8217;ensemble des enjeux et de ce qu&#8217;il est possible de faire dans le domaine des anticorps monoclonaux. Cela nous donne les cartes n\u00e9cessaires, \u00e0 nous ensuite de savoir jouer avec pour mener \u00e0 bien notre projet.<\/span>&#8220;<\/p><\/blockquote>\n<blockquote><p>&#8220;<span style=\"color: #009c9b;\">Bonne formation car bas\u00e9e sur l&#8217;exp\u00e9rience du terrain.<\/span>&#8220;<\/p><\/blockquote>\n<blockquote><p>&#8220;<span style=\"color: #086273;\">Pr\u00e9sentation tr\u00e8s p\u00e9dagogue, bons \u00e9changes et disponibilit\u00e9 tr\u00e8s appr\u00e9ci\u00e9e. Merci !<\/span>&#8220;<\/p><\/blockquote>\n","protected":false},"excerpt":{"rendered":"<p>Les 18, 19, 28 et 29 septembre 2017 s&#8217;est tenue \u00e0 Lyon la deuxi\u00e8me session de la formation D\u00e9veloppement d&#8217;anticorps th\u00e9rapeutiques. Nous vous proposons une petite r\u00e9trospective sur ces quatre jours de formation intensive !<\/p>\n","protected":false},"author":1,"featured_media":8660,"comment_status":"closed","ping_status":"open","sticky":false,"template":"","format":"standard","meta":{"footnotes":""},"categories":[9,12,1],"tags":[],"class_list":["post-16168","post","type-post","status-publish","format-standard","has-post-thumbnail","hentry","category-actualites","category-mabdesign","category-non-classifiee"],"yoast_head":"<!-- This site is optimized with the Yoast SEO plugin v25.8 - https:\/\/yoast.com\/wordpress\/plugins\/seo\/ -->\n<title>Retour sur la formation D\u00e9veloppement d&#039;Anticorps Th\u00e9rapeutiques - MabDesign<\/title>\n<meta name=\"description\" content=\"En septembre 2017 s&#039;est tenue \u00e0 Lyon la formation D\u00e9v. d&#039;anticorps th\u00e9rapeutiques. Une petite r\u00e9trospective sur ces 4 jours de formation intensive !\" \/>\n<meta name=\"robots\" content=\"index, follow, max-snippet:-1, max-image-preview:large, max-video-preview:-1\" \/>\n<link rel=\"canonical\" href=\"https:\/\/mabdesign.fr\/en\/retour-sur-la-formation-developpement-danticorps-therapeutiques\/\" \/>\n<meta property=\"og:locale\" content=\"en_US\" \/>\n<meta property=\"og:type\" content=\"article\" \/>\n<meta property=\"og:title\" content=\"Retour sur la formation D\u00e9veloppement d&#039;Anticorps Th\u00e9rapeutiques - MabDesign\" \/>\n<meta property=\"og:description\" content=\"En septembre 2017 s&#039;est tenue \u00e0 Lyon la formation D\u00e9v. d&#039;anticorps th\u00e9rapeutiques. Une petite r\u00e9trospective sur ces 4 jours de formation intensive !\" \/>\n<meta property=\"og:url\" content=\"https:\/\/mabdesign.fr\/en\/retour-sur-la-formation-developpement-danticorps-therapeutiques\/\" \/>\n<meta property=\"og:site_name\" content=\"MabDesign\" \/>\n<meta property=\"article:published_time\" content=\"2017-10-17T10:07:49+00:00\" \/>\n<meta property=\"article:modified_time\" content=\"2023-10-17T08:34:49+00:00\" \/>\n<meta property=\"og:image\" content=\"https:\/\/mabdesign.fr\/wp-content\/uploads\/2023\/10\/Photo-formation-Septembre-2017-V3-scaled.jpg\" \/>\n\t<meta property=\"og:image:width\" content=\"2560\" \/>\n\t<meta property=\"og:image:height\" content=\"2338\" \/>\n\t<meta property=\"og:image:type\" content=\"image\/jpeg\" \/>\n<meta name=\"author\" content=\"alexis.mathias@kairios.fr\" \/>\n<meta name=\"twitter:card\" content=\"summary_large_image\" \/>\n<meta name=\"twitter:creator\" content=\"@MabDesign_fr\" \/>\n<meta name=\"twitter:site\" content=\"@MabDesign_fr\" \/>\n<meta name=\"twitter:label1\" content=\"Written by\" \/>\n\t<meta name=\"twitter:data1\" content=\"alexis.mathias@kairios.fr\" \/>\n\t<meta name=\"twitter:label2\" content=\"Est. reading time\" \/>\n\t<meta name=\"twitter:data2\" content=\"1 minute\" \/>\n<script type=\"application\/ld+json\" class=\"yoast-schema-graph\">{\"@context\":\"https:\/\/schema.org\",\"@graph\":[{\"@type\":\"Article\",\"@id\":\"https:\/\/mabdesign.fr\/en\/retour-sur-la-formation-developpement-danticorps-therapeutiques\/#article\",\"isPartOf\":{\"@id\":\"https:\/\/mabdesign.fr\/en\/retour-sur-la-formation-developpement-danticorps-therapeutiques\/\"},\"author\":{\"name\":\"alexis.mathias@kairios.fr\",\"@id\":\"https:\/\/mabdesign.fr\/en\/#\/schema\/person\/0a9d0510f7433c83f9e6974b2a9c0135\"},\"headline\":\"Retour sur la formation D\u00e9veloppement d&#8217;Anticorps Th\u00e9rapeutiques\",\"datePublished\":\"2017-10-17T10:07:49+00:00\",\"dateModified\":\"2023-10-17T08:34:49+00:00\",\"mainEntityOfPage\":{\"@id\":\"https:\/\/mabdesign.fr\/en\/retour-sur-la-formation-developpement-danticorps-therapeutiques\/\"},\"wordCount\":308,\"publisher\":{\"@id\":\"https:\/\/mabdesign.fr\/en\/#organization\"},\"image\":{\"@id\":\"https:\/\/mabdesign.fr\/en\/retour-sur-la-formation-developpement-danticorps-therapeutiques\/#primaryimage\"},\"thumbnailUrl\":\"https:\/\/mabdesign.fr\/wp-content\/uploads\/2023\/10\/Photo-formation-Septembre-2017-V3-scaled.jpg\",\"articleSection\":[\"Actualit\u00e9s\",\"Mabdesign\",\"Non classifi\u00e9(e)\"],\"inLanguage\":\"en-US\"},{\"@type\":\"WebPage\",\"@id\":\"https:\/\/mabdesign.fr\/en\/retour-sur-la-formation-developpement-danticorps-therapeutiques\/\",\"url\":\"https:\/\/mabdesign.fr\/en\/retour-sur-la-formation-developpement-danticorps-therapeutiques\/\",\"name\":\"Retour sur la formation D\u00e9veloppement d'Anticorps Th\u00e9rapeutiques - MabDesign\",\"isPartOf\":{\"@id\":\"https:\/\/mabdesign.fr\/en\/#website\"},\"primaryImageOfPage\":{\"@id\":\"https:\/\/mabdesign.fr\/en\/retour-sur-la-formation-developpement-danticorps-therapeutiques\/#primaryimage\"},\"image\":{\"@id\":\"https:\/\/mabdesign.fr\/en\/retour-sur-la-formation-developpement-danticorps-therapeutiques\/#primaryimage\"},\"thumbnailUrl\":\"https:\/\/mabdesign.fr\/wp-content\/uploads\/2023\/10\/Photo-formation-Septembre-2017-V3-scaled.jpg\",\"datePublished\":\"2017-10-17T10:07:49+00:00\",\"dateModified\":\"2023-10-17T08:34:49+00:00\",\"description\":\"En septembre 2017 s'est tenue \u00e0 Lyon la formation D\u00e9v. d'anticorps th\u00e9rapeutiques. Une petite r\u00e9trospective sur ces 4 jours de formation intensive !\",\"breadcrumb\":{\"@id\":\"https:\/\/mabdesign.fr\/en\/retour-sur-la-formation-developpement-danticorps-therapeutiques\/#breadcrumb\"},\"inLanguage\":\"en-US\",\"potentialAction\":[{\"@type\":\"ReadAction\",\"target\":[\"https:\/\/mabdesign.fr\/en\/retour-sur-la-formation-developpement-danticorps-therapeutiques\/\"]}]},{\"@type\":\"ImageObject\",\"inLanguage\":\"en-US\",\"@id\":\"https:\/\/mabdesign.fr\/en\/retour-sur-la-formation-developpement-danticorps-therapeutiques\/#primaryimage\",\"url\":\"https:\/\/mabdesign.fr\/wp-content\/uploads\/2023\/10\/Photo-formation-Septembre-2017-V3-scaled.jpg\",\"contentUrl\":\"https:\/\/mabdesign.fr\/wp-content\/uploads\/2023\/10\/Photo-formation-Septembre-2017-V3-scaled.jpg\",\"width\":2560,\"height\":2338},{\"@type\":\"BreadcrumbList\",\"@id\":\"https:\/\/mabdesign.fr\/en\/retour-sur-la-formation-developpement-danticorps-therapeutiques\/#breadcrumb\",\"itemListElement\":[{\"@type\":\"ListItem\",\"position\":1,\"name\":\"Accueil\",\"item\":\"https:\/\/mabdesign.fr\/en\/\"},{\"@type\":\"ListItem\",\"position\":2,\"name\":\"Retour sur la formation D\u00e9veloppement d&rsquo;Anticorps Th\u00e9rapeutiques\"}]},{\"@type\":\"WebSite\",\"@id\":\"https:\/\/mabdesign.fr\/en\/#website\",\"url\":\"https:\/\/mabdesign.fr\/en\/\",\"name\":\"Mabdesign\",\"description\":\"The Biotherapy Expert\",\"publisher\":{\"@id\":\"https:\/\/mabdesign.fr\/en\/#organization\"},\"potentialAction\":[{\"@type\":\"SearchAction\",\"target\":{\"@type\":\"EntryPoint\",\"urlTemplate\":\"https:\/\/mabdesign.fr\/en\/?s={search_term_string}\"},\"query-input\":{\"@type\":\"PropertyValueSpecification\",\"valueRequired\":true,\"valueName\":\"search_term_string\"}}],\"inLanguage\":\"en-US\"},{\"@type\":\"Organization\",\"@id\":\"https:\/\/mabdesign.fr\/en\/#organization\",\"name\":\"Mabdesign\",\"url\":\"https:\/\/mabdesign.fr\/en\/\",\"logo\":{\"@type\":\"ImageObject\",\"inLanguage\":\"en-US\",\"@id\":\"https:\/\/mabdesign.fr\/en\/#\/schema\/logo\/image\/\",\"url\":\"https:\/\/mabdesign.fr\/wp-content\/uploads\/2022\/11\/logo-mabdesign.png\",\"contentUrl\":\"https:\/\/mabdesign.fr\/wp-content\/uploads\/2022\/11\/logo-mabdesign.png\",\"width\":786,\"height\":233,\"caption\":\"Mabdesign\"},\"image\":{\"@id\":\"https:\/\/mabdesign.fr\/en\/#\/schema\/logo\/image\/\"},\"sameAs\":[\"https:\/\/x.com\/MabDesign_fr\",\"https:\/\/www.linkedin.com\/company\/mabdesign\/\"]},{\"@type\":\"Person\",\"@id\":\"https:\/\/mabdesign.fr\/en\/#\/schema\/person\/0a9d0510f7433c83f9e6974b2a9c0135\",\"name\":\"alexis.mathias@kairios.fr\",\"image\":{\"@type\":\"ImageObject\",\"inLanguage\":\"en-US\",\"@id\":\"https:\/\/mabdesign.fr\/en\/#\/schema\/person\/image\/\",\"url\":\"https:\/\/secure.gravatar.com\/avatar\/9f0235d3b23103c20120728bbe93c75ab83e508d42949114def0b4d989a03f94?s=96&d=mm&r=g\",\"contentUrl\":\"https:\/\/secure.gravatar.com\/avatar\/9f0235d3b23103c20120728bbe93c75ab83e508d42949114def0b4d989a03f94?s=96&d=mm&r=g\",\"caption\":\"alexis.mathias@kairios.fr\"},\"sameAs\":[\"http:\/\/mabdesign.fr\"],\"url\":\"https:\/\/mabdesign.fr\/en\/author\/amathiasigtcreative-fr\/\"}]}<\/script>\n<!-- \/ Yoast SEO plugin. -->","yoast_head_json":{"title":"Retour sur la formation D\u00e9veloppement d'Anticorps Th\u00e9rapeutiques - MabDesign","description":"En septembre 2017 s'est tenue \u00e0 Lyon la formation D\u00e9v. d'anticorps th\u00e9rapeutiques. Une petite r\u00e9trospective sur ces 4 jours de formation intensive !","robots":{"index":"index","follow":"follow","max-snippet":"max-snippet:-1","max-image-preview":"max-image-preview:large","max-video-preview":"max-video-preview:-1"},"canonical":"https:\/\/mabdesign.fr\/en\/retour-sur-la-formation-developpement-danticorps-therapeutiques\/","og_locale":"en_US","og_type":"article","og_title":"Retour sur la formation D\u00e9veloppement d'Anticorps Th\u00e9rapeutiques - MabDesign","og_description":"En septembre 2017 s'est tenue \u00e0 Lyon la formation D\u00e9v. d'anticorps th\u00e9rapeutiques. Une petite r\u00e9trospective sur ces 4 jours de formation intensive !","og_url":"https:\/\/mabdesign.fr\/en\/retour-sur-la-formation-developpement-danticorps-therapeutiques\/","og_site_name":"MabDesign","article_published_time":"2017-10-17T10:07:49+00:00","article_modified_time":"2023-10-17T08:34:49+00:00","og_image":[{"width":2560,"height":2338,"url":"https:\/\/mabdesign.fr\/wp-content\/uploads\/2023\/10\/Photo-formation-Septembre-2017-V3-scaled.jpg","type":"image\/jpeg"}],"author":"alexis.mathias@kairios.fr","twitter_card":"summary_large_image","twitter_creator":"@MabDesign_fr","twitter_site":"@MabDesign_fr","twitter_misc":{"Written by":"alexis.mathias@kairios.fr","Est. reading time":"1 minute"},"schema":{"@context":"https:\/\/schema.org","@graph":[{"@type":"Article","@id":"https:\/\/mabdesign.fr\/en\/retour-sur-la-formation-developpement-danticorps-therapeutiques\/#article","isPartOf":{"@id":"https:\/\/mabdesign.fr\/en\/retour-sur-la-formation-developpement-danticorps-therapeutiques\/"},"author":{"name":"alexis.mathias@kairios.fr","@id":"https:\/\/mabdesign.fr\/en\/#\/schema\/person\/0a9d0510f7433c83f9e6974b2a9c0135"},"headline":"Retour sur la formation D\u00e9veloppement d&#8217;Anticorps Th\u00e9rapeutiques","datePublished":"2017-10-17T10:07:49+00:00","dateModified":"2023-10-17T08:34:49+00:00","mainEntityOfPage":{"@id":"https:\/\/mabdesign.fr\/en\/retour-sur-la-formation-developpement-danticorps-therapeutiques\/"},"wordCount":308,"publisher":{"@id":"https:\/\/mabdesign.fr\/en\/#organization"},"image":{"@id":"https:\/\/mabdesign.fr\/en\/retour-sur-la-formation-developpement-danticorps-therapeutiques\/#primaryimage"},"thumbnailUrl":"https:\/\/mabdesign.fr\/wp-content\/uploads\/2023\/10\/Photo-formation-Septembre-2017-V3-scaled.jpg","articleSection":["Actualit\u00e9s","Mabdesign","Non classifi\u00e9(e)"],"inLanguage":"en-US"},{"@type":"WebPage","@id":"https:\/\/mabdesign.fr\/en\/retour-sur-la-formation-developpement-danticorps-therapeutiques\/","url":"https:\/\/mabdesign.fr\/en\/retour-sur-la-formation-developpement-danticorps-therapeutiques\/","name":"Retour sur la formation D\u00e9veloppement d'Anticorps Th\u00e9rapeutiques - MabDesign","isPartOf":{"@id":"https:\/\/mabdesign.fr\/en\/#website"},"primaryImageOfPage":{"@id":"https:\/\/mabdesign.fr\/en\/retour-sur-la-formation-developpement-danticorps-therapeutiques\/#primaryimage"},"image":{"@id":"https:\/\/mabdesign.fr\/en\/retour-sur-la-formation-developpement-danticorps-therapeutiques\/#primaryimage"},"thumbnailUrl":"https:\/\/mabdesign.fr\/wp-content\/uploads\/2023\/10\/Photo-formation-Septembre-2017-V3-scaled.jpg","datePublished":"2017-10-17T10:07:49+00:00","dateModified":"2023-10-17T08:34:49+00:00","description":"En septembre 2017 s'est tenue \u00e0 Lyon la formation D\u00e9v. d'anticorps th\u00e9rapeutiques. Une petite r\u00e9trospective sur ces 4 jours de formation intensive !","breadcrumb":{"@id":"https:\/\/mabdesign.fr\/en\/retour-sur-la-formation-developpement-danticorps-therapeutiques\/#breadcrumb"},"inLanguage":"en-US","potentialAction":[{"@type":"ReadAction","target":["https:\/\/mabdesign.fr\/en\/retour-sur-la-formation-developpement-danticorps-therapeutiques\/"]}]},{"@type":"ImageObject","inLanguage":"en-US","@id":"https:\/\/mabdesign.fr\/en\/retour-sur-la-formation-developpement-danticorps-therapeutiques\/#primaryimage","url":"https:\/\/mabdesign.fr\/wp-content\/uploads\/2023\/10\/Photo-formation-Septembre-2017-V3-scaled.jpg","contentUrl":"https:\/\/mabdesign.fr\/wp-content\/uploads\/2023\/10\/Photo-formation-Septembre-2017-V3-scaled.jpg","width":2560,"height":2338},{"@type":"BreadcrumbList","@id":"https:\/\/mabdesign.fr\/en\/retour-sur-la-formation-developpement-danticorps-therapeutiques\/#breadcrumb","itemListElement":[{"@type":"ListItem","position":1,"name":"Accueil","item":"https:\/\/mabdesign.fr\/en\/"},{"@type":"ListItem","position":2,"name":"Retour sur la formation D\u00e9veloppement d&rsquo;Anticorps Th\u00e9rapeutiques"}]},{"@type":"WebSite","@id":"https:\/\/mabdesign.fr\/en\/#website","url":"https:\/\/mabdesign.fr\/en\/","name":"Mabdesign","description":"The Biotherapy Expert","publisher":{"@id":"https:\/\/mabdesign.fr\/en\/#organization"},"potentialAction":[{"@type":"SearchAction","target":{"@type":"EntryPoint","urlTemplate":"https:\/\/mabdesign.fr\/en\/?s={search_term_string}"},"query-input":{"@type":"PropertyValueSpecification","valueRequired":true,"valueName":"search_term_string"}}],"inLanguage":"en-US"},{"@type":"Organization","@id":"https:\/\/mabdesign.fr\/en\/#organization","name":"Mabdesign","url":"https:\/\/mabdesign.fr\/en\/","logo":{"@type":"ImageObject","inLanguage":"en-US","@id":"https:\/\/mabdesign.fr\/en\/#\/schema\/logo\/image\/","url":"https:\/\/mabdesign.fr\/wp-content\/uploads\/2022\/11\/logo-mabdesign.png","contentUrl":"https:\/\/mabdesign.fr\/wp-content\/uploads\/2022\/11\/logo-mabdesign.png","width":786,"height":233,"caption":"Mabdesign"},"image":{"@id":"https:\/\/mabdesign.fr\/en\/#\/schema\/logo\/image\/"},"sameAs":["https:\/\/x.com\/MabDesign_fr","https:\/\/www.linkedin.com\/company\/mabdesign\/"]},{"@type":"Person","@id":"https:\/\/mabdesign.fr\/en\/#\/schema\/person\/0a9d0510f7433c83f9e6974b2a9c0135","name":"alexis.mathias@kairios.fr","image":{"@type":"ImageObject","inLanguage":"en-US","@id":"https:\/\/mabdesign.fr\/en\/#\/schema\/person\/image\/","url":"https:\/\/secure.gravatar.com\/avatar\/9f0235d3b23103c20120728bbe93c75ab83e508d42949114def0b4d989a03f94?s=96&d=mm&r=g","contentUrl":"https:\/\/secure.gravatar.com\/avatar\/9f0235d3b23103c20120728bbe93c75ab83e508d42949114def0b4d989a03f94?s=96&d=mm&r=g","caption":"alexis.mathias@kairios.fr"},"sameAs":["http:\/\/mabdesign.fr"],"url":"https:\/\/mabdesign.fr\/en\/author\/amathiasigtcreative-fr\/"}]}},"_links":{"self":[{"href":"https:\/\/mabdesign.fr\/en\/wp-json\/wp\/v2\/posts\/16168","targetHints":{"allow":["GET"]}}],"collection":[{"href":"https:\/\/mabdesign.fr\/en\/wp-json\/wp\/v2\/posts"}],"about":[{"href":"https:\/\/mabdesign.fr\/en\/wp-json\/wp\/v2\/types\/post"}],"author":[{"embeddable":true,"href":"https:\/\/mabdesign.fr\/en\/wp-json\/wp\/v2\/users\/1"}],"replies":[{"embeddable":true,"href":"https:\/\/mabdesign.fr\/en\/wp-json\/wp\/v2\/comments?post=16168"}],"version-history":[{"count":0,"href":"https:\/\/mabdesign.fr\/en\/wp-json\/wp\/v2\/posts\/16168\/revisions"}],"wp:featuredmedia":[{"embeddable":true,"href":"https:\/\/mabdesign.fr\/en\/wp-json\/wp\/v2\/media\/8660"}],"wp:attachment":[{"href":"https:\/\/mabdesign.fr\/en\/wp-json\/wp\/v2\/media?parent=16168"}],"wp:term":[{"taxonomy":"category","embeddable":true,"href":"https:\/\/mabdesign.fr\/en\/wp-json\/wp\/v2\/categories?post=16168"},{"taxonomy":"post_tag","embeddable":true,"href":"https:\/\/mabdesign.fr\/en\/wp-json\/wp\/v2\/tags?post=16168"}],"curies":[{"name":"wp","href":"https:\/\/api.w.org\/{rel}","templated":true}]}}