{"id":16102,"date":"2016-12-12T15:00:20","date_gmt":"2016-12-12T14:00:20","guid":{"rendered":"http:\/\/mabdesign.fr\/retour-sur-la-formation-continue-le-target-product-profile\/"},"modified":"2023-10-17T10:34:23","modified_gmt":"2023-10-17T08:34:23","slug":"retour-sur-la-formation-continue-le-target-product-profile","status":"publish","type":"post","link":"https:\/\/mabdesign.fr\/en\/retour-sur-la-formation-continue-le-target-product-profile\/","title":{"rendered":"Retour sur la formation continue : le Target Product Profile"},"content":{"rendered":"<p>Les 23 novembre et 07 d\u00e9cembre, respectivement \u00e0 Lyon et \u00e0 Paris, s&#8217;est tenue la formation &#8220;<strong>Target Product Profile :<\/strong><em> un outil strat\u00e9gique pour am\u00e9liorer la robustesse des projets de d\u00e9veloppement des anticorps th\u00e9rapeutiques&#8221;<\/em>. Les objectifs de la formation ont \u00e9t\u00e9 atteints lors de ces deux journ\u00e9es, qui se sont d\u00e9roul\u00e9es dans une ambiance de travail sereine.<\/p>\n<hr \/>\n<p><img fetchpriority=\"high\" decoding=\"async\" class=\"size-medium wp-image-2268 alignleft\" src=\"http:\/\/mabdesign.fr\/wp-content\/uploads\/2023\/10\/IMG_20161207_140305PNG111-300x225.png\" alt=\"img_20161207_140305png111\" width=\"300\" height=\"225\" \/><\/p>\n<p><img decoding=\"async\" class=\"size-medium wp-image-2269 alignright\" src=\"http:\/\/mabdesign.fr\/wp-content\/uploads\/2023\/10\/IMG_20161123_142002PNG111-300x225.png\" alt=\"img_20161123_142002png111\" width=\"300\" height=\"225\" \/><\/p>\n<p>Le format en petits groupes pour cette formation a permis de favoriser les \u00e9changes entre participants.<\/p>\n<p>Les activit\u00e9s au menu ?<\/p>\n<p>Construction d&#8217;un TPP, analyse de cas concrets, retour d&#8217;exp\u00e9rience, et accompagnement personnalis\u00e9.<\/p>\n<p>&nbsp;<\/p>\n<p>&nbsp;<\/p>\n<p>Les retours positifs des participants nous incitent \u00e0 proposer, en 2017, la formation adapt\u00e9e \u00e0 vos attentes : <strong>&#8220;Target Product Profile&#8221;<\/strong>.<\/p>\n<p>N&#8217;h\u00e9sitez pas \u00e0 nous contacter pour vous inscrire en 2017 !<\/p>\n<p>&nbsp;<\/p>\n","protected":false},"excerpt":{"rendered":"<p>Les 23 novembre et 07 d\u00e9cembre, respectivement \u00e0 Lyon et \u00e0 Paris, s&#8217;est tenue la formation &#8220;Target Product Profile : un outil strat\u00e9gique pour am\u00e9liorer la robustesse des projets de d\u00e9veloppement des anticorps th\u00e9rapeutiques&#8221;.<\/p>\n","protected":false},"author":1,"featured_media":8503,"comment_status":"closed","ping_status":"open","sticky":false,"template":"","format":"standard","meta":{"footnotes":""},"categories":[9,12],"tags":[],"class_list":["post-16102","post","type-post","status-publish","format-standard","has-post-thumbnail","hentry","category-actualites","category-mabdesign"],"yoast_head":"<!-- This site is optimized with the Yoast SEO plugin v25.8 - https:\/\/yoast.com\/wordpress\/plugins\/seo\/ -->\n<title>Retour sur la formation continue : le Target Product Profile - MabDesign<\/title>\n<meta name=\"description\" content=\"Les 23 novembre et 07 d\u00e9cembre, respectivement \u00e0 Lyon et \u00e0 Paris, s&#039;est tenue la formation &quot;Target Product Profile : un outil strat\u00e9gique pour am\u00e9liorer la robustesse des projets de d\u00e9veloppement des anticorps th\u00e9rapeutiques&quot;.\" \/>\n<meta name=\"robots\" content=\"index, follow, max-snippet:-1, max-image-preview:large, max-video-preview:-1\" \/>\n<link rel=\"canonical\" href=\"https:\/\/mabdesign.fr\/en\/retour-sur-la-formation-continue-le-target-product-profile\/\" \/>\n<meta property=\"og:locale\" content=\"en_US\" \/>\n<meta property=\"og:type\" content=\"article\" \/>\n<meta property=\"og:title\" content=\"Retour sur la formation continue : le Target Product Profile - MabDesign\" \/>\n<meta property=\"og:description\" content=\"Les 23 novembre et 07 d\u00e9cembre, respectivement \u00e0 Lyon et \u00e0 Paris, s&#039;est tenue la formation &quot;Target Product Profile : un outil strat\u00e9gique pour am\u00e9liorer la robustesse des projets de d\u00e9veloppement des anticorps th\u00e9rapeutiques&quot;.\" \/>\n<meta property=\"og:url\" content=\"https:\/\/mabdesign.fr\/en\/retour-sur-la-formation-continue-le-target-product-profile\/\" \/>\n<meta property=\"og:site_name\" content=\"MabDesign\" \/>\n<meta property=\"article:published_time\" content=\"2016-12-12T14:00:20+00:00\" \/>\n<meta property=\"article:modified_time\" content=\"2023-10-17T08:34:23+00:00\" \/>\n<meta property=\"og:image\" content=\"https:\/\/mabdesign.fr\/wp-content\/uploads\/2023\/10\/IMG_20161207_140305PNG111.png\" \/>\n\t<meta property=\"og:image:width\" content=\"520\" \/>\n\t<meta property=\"og:image:height\" content=\"390\" \/>\n\t<meta property=\"og:image:type\" content=\"image\/png\" \/>\n<meta name=\"author\" content=\"alexis.mathias@kairios.fr\" \/>\n<meta name=\"twitter:card\" content=\"summary_large_image\" \/>\n<meta name=\"twitter:creator\" content=\"@MabDesign_fr\" \/>\n<meta name=\"twitter:site\" content=\"@MabDesign_fr\" \/>\n<meta name=\"twitter:label1\" content=\"Written by\" \/>\n\t<meta name=\"twitter:data1\" content=\"alexis.mathias@kairios.fr\" \/>\n\t<meta name=\"twitter:label2\" content=\"Est. reading time\" \/>\n\t<meta name=\"twitter:data2\" content=\"1 minute\" \/>\n<script type=\"application\/ld+json\" class=\"yoast-schema-graph\">{\"@context\":\"https:\/\/schema.org\",\"@graph\":[{\"@type\":\"Article\",\"@id\":\"https:\/\/mabdesign.fr\/en\/retour-sur-la-formation-continue-le-target-product-profile\/#article\",\"isPartOf\":{\"@id\":\"https:\/\/mabdesign.fr\/en\/retour-sur-la-formation-continue-le-target-product-profile\/\"},\"author\":{\"name\":\"alexis.mathias@kairios.fr\",\"@id\":\"https:\/\/mabdesign.fr\/en\/#\/schema\/person\/0a9d0510f7433c83f9e6974b2a9c0135\"},\"headline\":\"Retour sur la formation continue : le Target Product Profile\",\"datePublished\":\"2016-12-12T14:00:20+00:00\",\"dateModified\":\"2023-10-17T08:34:23+00:00\",\"mainEntityOfPage\":{\"@id\":\"https:\/\/mabdesign.fr\/en\/retour-sur-la-formation-continue-le-target-product-profile\/\"},\"wordCount\":137,\"publisher\":{\"@id\":\"https:\/\/mabdesign.fr\/en\/#organization\"},\"image\":{\"@id\":\"https:\/\/mabdesign.fr\/en\/retour-sur-la-formation-continue-le-target-product-profile\/#primaryimage\"},\"thumbnailUrl\":\"https:\/\/mabdesign.fr\/wp-content\/uploads\/2023\/10\/IMG_20161207_140305PNG111.png\",\"articleSection\":[\"Actualit\u00e9s\",\"Mabdesign\"],\"inLanguage\":\"en-US\"},{\"@type\":\"WebPage\",\"@id\":\"https:\/\/mabdesign.fr\/en\/retour-sur-la-formation-continue-le-target-product-profile\/\",\"url\":\"https:\/\/mabdesign.fr\/en\/retour-sur-la-formation-continue-le-target-product-profile\/\",\"name\":\"Retour sur la formation continue : le Target Product Profile - MabDesign\",\"isPartOf\":{\"@id\":\"https:\/\/mabdesign.fr\/en\/#website\"},\"primaryImageOfPage\":{\"@id\":\"https:\/\/mabdesign.fr\/en\/retour-sur-la-formation-continue-le-target-product-profile\/#primaryimage\"},\"image\":{\"@id\":\"https:\/\/mabdesign.fr\/en\/retour-sur-la-formation-continue-le-target-product-profile\/#primaryimage\"},\"thumbnailUrl\":\"https:\/\/mabdesign.fr\/wp-content\/uploads\/2023\/10\/IMG_20161207_140305PNG111.png\",\"datePublished\":\"2016-12-12T14:00:20+00:00\",\"dateModified\":\"2023-10-17T08:34:23+00:00\",\"description\":\"Les 23 novembre et 07 d\u00e9cembre, respectivement \u00e0 Lyon et \u00e0 Paris, s'est tenue la formation \\\"Target Product Profile : un outil strat\u00e9gique pour am\u00e9liorer la robustesse des projets de d\u00e9veloppement des anticorps th\u00e9rapeutiques\\\".\",\"breadcrumb\":{\"@id\":\"https:\/\/mabdesign.fr\/en\/retour-sur-la-formation-continue-le-target-product-profile\/#breadcrumb\"},\"inLanguage\":\"en-US\",\"potentialAction\":[{\"@type\":\"ReadAction\",\"target\":[\"https:\/\/mabdesign.fr\/en\/retour-sur-la-formation-continue-le-target-product-profile\/\"]}]},{\"@type\":\"ImageObject\",\"inLanguage\":\"en-US\",\"@id\":\"https:\/\/mabdesign.fr\/en\/retour-sur-la-formation-continue-le-target-product-profile\/#primaryimage\",\"url\":\"https:\/\/mabdesign.fr\/wp-content\/uploads\/2023\/10\/IMG_20161207_140305PNG111.png\",\"contentUrl\":\"https:\/\/mabdesign.fr\/wp-content\/uploads\/2023\/10\/IMG_20161207_140305PNG111.png\",\"width\":520,\"height\":390},{\"@type\":\"BreadcrumbList\",\"@id\":\"https:\/\/mabdesign.fr\/en\/retour-sur-la-formation-continue-le-target-product-profile\/#breadcrumb\",\"itemListElement\":[{\"@type\":\"ListItem\",\"position\":1,\"name\":\"Accueil\",\"item\":\"https:\/\/mabdesign.fr\/en\/\"},{\"@type\":\"ListItem\",\"position\":2,\"name\":\"Retour sur la formation continue : le Target Product Profile\"}]},{\"@type\":\"WebSite\",\"@id\":\"https:\/\/mabdesign.fr\/en\/#website\",\"url\":\"https:\/\/mabdesign.fr\/en\/\",\"name\":\"Mabdesign\",\"description\":\"The Biotherapy Expert\",\"publisher\":{\"@id\":\"https:\/\/mabdesign.fr\/en\/#organization\"},\"potentialAction\":[{\"@type\":\"SearchAction\",\"target\":{\"@type\":\"EntryPoint\",\"urlTemplate\":\"https:\/\/mabdesign.fr\/en\/?s={search_term_string}\"},\"query-input\":{\"@type\":\"PropertyValueSpecification\",\"valueRequired\":true,\"valueName\":\"search_term_string\"}}],\"inLanguage\":\"en-US\"},{\"@type\":\"Organization\",\"@id\":\"https:\/\/mabdesign.fr\/en\/#organization\",\"name\":\"Mabdesign\",\"url\":\"https:\/\/mabdesign.fr\/en\/\",\"logo\":{\"@type\":\"ImageObject\",\"inLanguage\":\"en-US\",\"@id\":\"https:\/\/mabdesign.fr\/en\/#\/schema\/logo\/image\/\",\"url\":\"https:\/\/mabdesign.fr\/wp-content\/uploads\/2022\/11\/logo-mabdesign.png\",\"contentUrl\":\"https:\/\/mabdesign.fr\/wp-content\/uploads\/2022\/11\/logo-mabdesign.png\",\"width\":786,\"height\":233,\"caption\":\"Mabdesign\"},\"image\":{\"@id\":\"https:\/\/mabdesign.fr\/en\/#\/schema\/logo\/image\/\"},\"sameAs\":[\"https:\/\/x.com\/MabDesign_fr\",\"https:\/\/www.linkedin.com\/company\/mabdesign\/\"]},{\"@type\":\"Person\",\"@id\":\"https:\/\/mabdesign.fr\/en\/#\/schema\/person\/0a9d0510f7433c83f9e6974b2a9c0135\",\"name\":\"alexis.mathias@kairios.fr\",\"image\":{\"@type\":\"ImageObject\",\"inLanguage\":\"en-US\",\"@id\":\"https:\/\/mabdesign.fr\/en\/#\/schema\/person\/image\/\",\"url\":\"https:\/\/secure.gravatar.com\/avatar\/9f0235d3b23103c20120728bbe93c75ab83e508d42949114def0b4d989a03f94?s=96&d=mm&r=g\",\"contentUrl\":\"https:\/\/secure.gravatar.com\/avatar\/9f0235d3b23103c20120728bbe93c75ab83e508d42949114def0b4d989a03f94?s=96&d=mm&r=g\",\"caption\":\"alexis.mathias@kairios.fr\"},\"sameAs\":[\"http:\/\/mabdesign.fr\"],\"url\":\"https:\/\/mabdesign.fr\/en\/author\/amathiasigtcreative-fr\/\"}]}<\/script>\n<!-- \/ Yoast SEO plugin. -->","yoast_head_json":{"title":"Retour sur la formation continue : le Target Product Profile - MabDesign","description":"Les 23 novembre et 07 d\u00e9cembre, respectivement \u00e0 Lyon et \u00e0 Paris, s'est tenue la formation \"Target Product Profile : un outil strat\u00e9gique pour am\u00e9liorer la robustesse des projets de d\u00e9veloppement des anticorps th\u00e9rapeutiques\".","robots":{"index":"index","follow":"follow","max-snippet":"max-snippet:-1","max-image-preview":"max-image-preview:large","max-video-preview":"max-video-preview:-1"},"canonical":"https:\/\/mabdesign.fr\/en\/retour-sur-la-formation-continue-le-target-product-profile\/","og_locale":"en_US","og_type":"article","og_title":"Retour sur la formation continue : le Target Product Profile - MabDesign","og_description":"Les 23 novembre et 07 d\u00e9cembre, respectivement \u00e0 Lyon et \u00e0 Paris, s'est tenue la formation \"Target Product Profile : un outil strat\u00e9gique pour am\u00e9liorer la robustesse des projets de d\u00e9veloppement des anticorps th\u00e9rapeutiques\".","og_url":"https:\/\/mabdesign.fr\/en\/retour-sur-la-formation-continue-le-target-product-profile\/","og_site_name":"MabDesign","article_published_time":"2016-12-12T14:00:20+00:00","article_modified_time":"2023-10-17T08:34:23+00:00","og_image":[{"width":520,"height":390,"url":"https:\/\/mabdesign.fr\/wp-content\/uploads\/2023\/10\/IMG_20161207_140305PNG111.png","type":"image\/png"}],"author":"alexis.mathias@kairios.fr","twitter_card":"summary_large_image","twitter_creator":"@MabDesign_fr","twitter_site":"@MabDesign_fr","twitter_misc":{"Written by":"alexis.mathias@kairios.fr","Est. reading time":"1 minute"},"schema":{"@context":"https:\/\/schema.org","@graph":[{"@type":"Article","@id":"https:\/\/mabdesign.fr\/en\/retour-sur-la-formation-continue-le-target-product-profile\/#article","isPartOf":{"@id":"https:\/\/mabdesign.fr\/en\/retour-sur-la-formation-continue-le-target-product-profile\/"},"author":{"name":"alexis.mathias@kairios.fr","@id":"https:\/\/mabdesign.fr\/en\/#\/schema\/person\/0a9d0510f7433c83f9e6974b2a9c0135"},"headline":"Retour sur la formation continue : le Target Product Profile","datePublished":"2016-12-12T14:00:20+00:00","dateModified":"2023-10-17T08:34:23+00:00","mainEntityOfPage":{"@id":"https:\/\/mabdesign.fr\/en\/retour-sur-la-formation-continue-le-target-product-profile\/"},"wordCount":137,"publisher":{"@id":"https:\/\/mabdesign.fr\/en\/#organization"},"image":{"@id":"https:\/\/mabdesign.fr\/en\/retour-sur-la-formation-continue-le-target-product-profile\/#primaryimage"},"thumbnailUrl":"https:\/\/mabdesign.fr\/wp-content\/uploads\/2023\/10\/IMG_20161207_140305PNG111.png","articleSection":["Actualit\u00e9s","Mabdesign"],"inLanguage":"en-US"},{"@type":"WebPage","@id":"https:\/\/mabdesign.fr\/en\/retour-sur-la-formation-continue-le-target-product-profile\/","url":"https:\/\/mabdesign.fr\/en\/retour-sur-la-formation-continue-le-target-product-profile\/","name":"Retour sur la formation continue : le Target Product Profile - MabDesign","isPartOf":{"@id":"https:\/\/mabdesign.fr\/en\/#website"},"primaryImageOfPage":{"@id":"https:\/\/mabdesign.fr\/en\/retour-sur-la-formation-continue-le-target-product-profile\/#primaryimage"},"image":{"@id":"https:\/\/mabdesign.fr\/en\/retour-sur-la-formation-continue-le-target-product-profile\/#primaryimage"},"thumbnailUrl":"https:\/\/mabdesign.fr\/wp-content\/uploads\/2023\/10\/IMG_20161207_140305PNG111.png","datePublished":"2016-12-12T14:00:20+00:00","dateModified":"2023-10-17T08:34:23+00:00","description":"Les 23 novembre et 07 d\u00e9cembre, respectivement \u00e0 Lyon et \u00e0 Paris, s'est tenue la formation \"Target Product Profile : un outil strat\u00e9gique pour am\u00e9liorer la robustesse des projets de d\u00e9veloppement des anticorps th\u00e9rapeutiques\".","breadcrumb":{"@id":"https:\/\/mabdesign.fr\/en\/retour-sur-la-formation-continue-le-target-product-profile\/#breadcrumb"},"inLanguage":"en-US","potentialAction":[{"@type":"ReadAction","target":["https:\/\/mabdesign.fr\/en\/retour-sur-la-formation-continue-le-target-product-profile\/"]}]},{"@type":"ImageObject","inLanguage":"en-US","@id":"https:\/\/mabdesign.fr\/en\/retour-sur-la-formation-continue-le-target-product-profile\/#primaryimage","url":"https:\/\/mabdesign.fr\/wp-content\/uploads\/2023\/10\/IMG_20161207_140305PNG111.png","contentUrl":"https:\/\/mabdesign.fr\/wp-content\/uploads\/2023\/10\/IMG_20161207_140305PNG111.png","width":520,"height":390},{"@type":"BreadcrumbList","@id":"https:\/\/mabdesign.fr\/en\/retour-sur-la-formation-continue-le-target-product-profile\/#breadcrumb","itemListElement":[{"@type":"ListItem","position":1,"name":"Accueil","item":"https:\/\/mabdesign.fr\/en\/"},{"@type":"ListItem","position":2,"name":"Retour sur la formation continue : le Target Product Profile"}]},{"@type":"WebSite","@id":"https:\/\/mabdesign.fr\/en\/#website","url":"https:\/\/mabdesign.fr\/en\/","name":"Mabdesign","description":"The Biotherapy Expert","publisher":{"@id":"https:\/\/mabdesign.fr\/en\/#organization"},"potentialAction":[{"@type":"SearchAction","target":{"@type":"EntryPoint","urlTemplate":"https:\/\/mabdesign.fr\/en\/?s={search_term_string}"},"query-input":{"@type":"PropertyValueSpecification","valueRequired":true,"valueName":"search_term_string"}}],"inLanguage":"en-US"},{"@type":"Organization","@id":"https:\/\/mabdesign.fr\/en\/#organization","name":"Mabdesign","url":"https:\/\/mabdesign.fr\/en\/","logo":{"@type":"ImageObject","inLanguage":"en-US","@id":"https:\/\/mabdesign.fr\/en\/#\/schema\/logo\/image\/","url":"https:\/\/mabdesign.fr\/wp-content\/uploads\/2022\/11\/logo-mabdesign.png","contentUrl":"https:\/\/mabdesign.fr\/wp-content\/uploads\/2022\/11\/logo-mabdesign.png","width":786,"height":233,"caption":"Mabdesign"},"image":{"@id":"https:\/\/mabdesign.fr\/en\/#\/schema\/logo\/image\/"},"sameAs":["https:\/\/x.com\/MabDesign_fr","https:\/\/www.linkedin.com\/company\/mabdesign\/"]},{"@type":"Person","@id":"https:\/\/mabdesign.fr\/en\/#\/schema\/person\/0a9d0510f7433c83f9e6974b2a9c0135","name":"alexis.mathias@kairios.fr","image":{"@type":"ImageObject","inLanguage":"en-US","@id":"https:\/\/mabdesign.fr\/en\/#\/schema\/person\/image\/","url":"https:\/\/secure.gravatar.com\/avatar\/9f0235d3b23103c20120728bbe93c75ab83e508d42949114def0b4d989a03f94?s=96&d=mm&r=g","contentUrl":"https:\/\/secure.gravatar.com\/avatar\/9f0235d3b23103c20120728bbe93c75ab83e508d42949114def0b4d989a03f94?s=96&d=mm&r=g","caption":"alexis.mathias@kairios.fr"},"sameAs":["http:\/\/mabdesign.fr"],"url":"https:\/\/mabdesign.fr\/en\/author\/amathiasigtcreative-fr\/"}]}},"_links":{"self":[{"href":"https:\/\/mabdesign.fr\/en\/wp-json\/wp\/v2\/posts\/16102","targetHints":{"allow":["GET"]}}],"collection":[{"href":"https:\/\/mabdesign.fr\/en\/wp-json\/wp\/v2\/posts"}],"about":[{"href":"https:\/\/mabdesign.fr\/en\/wp-json\/wp\/v2\/types\/post"}],"author":[{"embeddable":true,"href":"https:\/\/mabdesign.fr\/en\/wp-json\/wp\/v2\/users\/1"}],"replies":[{"embeddable":true,"href":"https:\/\/mabdesign.fr\/en\/wp-json\/wp\/v2\/comments?post=16102"}],"version-history":[{"count":0,"href":"https:\/\/mabdesign.fr\/en\/wp-json\/wp\/v2\/posts\/16102\/revisions"}],"wp:featuredmedia":[{"embeddable":true,"href":"https:\/\/mabdesign.fr\/en\/wp-json\/wp\/v2\/media\/8503"}],"wp:attachment":[{"href":"https:\/\/mabdesign.fr\/en\/wp-json\/wp\/v2\/media?parent=16102"}],"wp:term":[{"taxonomy":"category","embeddable":true,"href":"https:\/\/mabdesign.fr\/en\/wp-json\/wp\/v2\/categories?post=16102"},{"taxonomy":"post_tag","embeddable":true,"href":"https:\/\/mabdesign.fr\/en\/wp-json\/wp\/v2\/tags?post=16102"}],"curies":[{"name":"wp","href":"https:\/\/api.w.org\/{rel}","templated":true}]}}