{"id":16074,"date":"2015-12-18T20:14:18","date_gmt":"2015-12-18T19:14:18","guid":{"rendered":"http:\/\/mabdesign.fr\/developper-des-anticorps-therapeutiques-partage-dexperiences\/"},"modified":"2023-10-17T10:34:11","modified_gmt":"2023-10-17T08:34:11","slug":"developper-des-anticorps-therapeutiques-partage-dexperiences","status":"publish","type":"post","link":"https:\/\/mabdesign.fr\/en\/developper-des-anticorps-therapeutiques-partage-dexperiences\/","title":{"rendered":"D\u00e9velopper des anticorps th\u00e9rapeutiques : partage d\u2019exp\u00e9riences"},"content":{"rendered":"<p><span style=\"color: #007377;\"><em>17 d\u00e9cembre 2015,<\/em><br \/>\nSkyroom \u00e0 Lyon<\/span><\/p>\n<p style=\"text-align: justify;\">MabDesign a organis\u00e9, en partenariat avec Lyonbiop\u00f4le, une session de partage d\u2019exp\u00e9riences sur la th\u00e9matique \u00ab\u00a0<strong>D\u00e9veloppement des anticorps th\u00e9rapeutiques<\/strong>\u00a0\u00bb. Les soci\u00e9t\u00e9s impliqu\u00e9es dans le d\u00e9veloppement d\u2019anticorps ont partag\u00e9 leur exp\u00e9rience et leurs besoins technologiques associ\u00e9s. Plus de 40 entreprises ont particip\u00e9 \u00e0 cet \u00e9v\u00e8nement.<\/p>\n<p style=\"text-align: justify;\"><img fetchpriority=\"high\" decoding=\"async\" class=\"aligncenter wp-image-1897 size-full\" src=\"http:\/\/mabdesign.fr\/wp-content\/uploads\/2023\/10\/Developper-AcM.jpg\" alt=\"developper-acm\" width=\"758\" height=\"578\" \/><\/p>\n","protected":false},"excerpt":{"rendered":"<p>MabDesign a organis\u00e9, en partenariat avec Lyonbiop\u00f4le, une session de partage d\u2019exp\u00e9riences sur la th\u00e9matique \u00ab D\u00e9veloppement des anticorps th\u00e9rapeutiques \u00bb. Les soci\u00e9t\u00e9s impliqu\u00e9es dans le d\u00e9veloppement d\u2019anticorps ont partag\u00e9 leur exp\u00e9rience et leurs besoins technologiques associ\u00e9s. Plus de 40 entreprises ont particip\u00e9 \u00e0 cet \u00e9v\u00e8nement.<\/p>\n","protected":false},"author":1,"featured_media":8431,"comment_status":"closed","ping_status":"open","sticky":false,"template":"","format":"standard","meta":{"footnotes":""},"categories":[9,12],"tags":[],"class_list":["post-16074","post","type-post","status-publish","format-standard","has-post-thumbnail","hentry","category-actualites","category-mabdesign"],"yoast_head":"<!-- This site is optimized with the Yoast SEO plugin v25.8 - https:\/\/yoast.com\/wordpress\/plugins\/seo\/ -->\n<title>D\u00e9velopper des anticorps th\u00e9rapeutiques : partage d\u2019exp\u00e9riences - MabDesign<\/title>\n<meta name=\"description\" content=\"MabDesign a organis\u00e9, en partenariat avec Lyonbiop\u00f4le, une session de partage d\u2019exp\u00e9riences sur la th\u00e9matique \u00ab D\u00e9veloppement des anticorps th\u00e9rapeutiques \u00bb. Les soci\u00e9t\u00e9s impliqu\u00e9es dans le d\u00e9veloppement d\u2019anticorps ont partag\u00e9 leur exp\u00e9rience et leurs besoins technologiques associ\u00e9s. Plus de 40 entreprises ont particip\u00e9 \u00e0 cet \u00e9v\u00e8nement.\" \/>\n<meta name=\"robots\" content=\"index, follow, max-snippet:-1, max-image-preview:large, max-video-preview:-1\" \/>\n<link rel=\"canonical\" href=\"https:\/\/mabdesign.fr\/en\/developper-des-anticorps-therapeutiques-partage-dexperiences\/\" \/>\n<meta property=\"og:locale\" content=\"en_US\" \/>\n<meta property=\"og:type\" content=\"article\" \/>\n<meta property=\"og:title\" content=\"D\u00e9velopper des anticorps th\u00e9rapeutiques : partage d\u2019exp\u00e9riences - MabDesign\" \/>\n<meta property=\"og:description\" content=\"MabDesign a organis\u00e9, en partenariat avec Lyonbiop\u00f4le, une session de partage d\u2019exp\u00e9riences sur la th\u00e9matique \u00ab D\u00e9veloppement des anticorps th\u00e9rapeutiques \u00bb. Les soci\u00e9t\u00e9s impliqu\u00e9es dans le d\u00e9veloppement d\u2019anticorps ont partag\u00e9 leur exp\u00e9rience et leurs besoins technologiques associ\u00e9s. Plus de 40 entreprises ont particip\u00e9 \u00e0 cet \u00e9v\u00e8nement.\" \/>\n<meta property=\"og:url\" content=\"https:\/\/mabdesign.fr\/en\/developper-des-anticorps-therapeutiques-partage-dexperiences\/\" \/>\n<meta property=\"og:site_name\" content=\"MabDesign\" \/>\n<meta property=\"article:published_time\" content=\"2015-12-18T19:14:18+00:00\" \/>\n<meta property=\"article:modified_time\" content=\"2023-10-17T08:34:11+00:00\" \/>\n<meta property=\"og:image\" content=\"https:\/\/mabdesign.fr\/wp-content\/uploads\/2023\/10\/Developper-AcM.jpg\" \/>\n\t<meta property=\"og:image:width\" content=\"758\" \/>\n\t<meta property=\"og:image:height\" content=\"578\" \/>\n\t<meta property=\"og:image:type\" content=\"image\/jpeg\" \/>\n<meta name=\"author\" content=\"alexis.mathias@kairios.fr\" \/>\n<meta name=\"twitter:card\" content=\"summary_large_image\" \/>\n<meta name=\"twitter:creator\" content=\"@MabDesign_fr\" \/>\n<meta name=\"twitter:site\" content=\"@MabDesign_fr\" \/>\n<meta name=\"twitter:label1\" content=\"Written by\" \/>\n\t<meta name=\"twitter:data1\" content=\"alexis.mathias@kairios.fr\" \/>\n<script type=\"application\/ld+json\" class=\"yoast-schema-graph\">{\"@context\":\"https:\/\/schema.org\",\"@graph\":[{\"@type\":\"Article\",\"@id\":\"https:\/\/mabdesign.fr\/en\/developper-des-anticorps-therapeutiques-partage-dexperiences\/#article\",\"isPartOf\":{\"@id\":\"https:\/\/mabdesign.fr\/en\/developper-des-anticorps-therapeutiques-partage-dexperiences\/\"},\"author\":{\"name\":\"alexis.mathias@kairios.fr\",\"@id\":\"https:\/\/mabdesign.fr\/en\/#\/schema\/person\/0a9d0510f7433c83f9e6974b2a9c0135\"},\"headline\":\"D\u00e9velopper des anticorps th\u00e9rapeutiques : partage d\u2019exp\u00e9riences\",\"datePublished\":\"2015-12-18T19:14:18+00:00\",\"dateModified\":\"2023-10-17T08:34:11+00:00\",\"mainEntityOfPage\":{\"@id\":\"https:\/\/mabdesign.fr\/en\/developper-des-anticorps-therapeutiques-partage-dexperiences\/\"},\"wordCount\":70,\"publisher\":{\"@id\":\"https:\/\/mabdesign.fr\/en\/#organization\"},\"image\":{\"@id\":\"https:\/\/mabdesign.fr\/en\/developper-des-anticorps-therapeutiques-partage-dexperiences\/#primaryimage\"},\"thumbnailUrl\":\"https:\/\/mabdesign.fr\/wp-content\/uploads\/2023\/10\/Developper-AcM.jpg\",\"articleSection\":[\"Actualit\u00e9s\",\"Mabdesign\"],\"inLanguage\":\"en-US\"},{\"@type\":\"WebPage\",\"@id\":\"https:\/\/mabdesign.fr\/en\/developper-des-anticorps-therapeutiques-partage-dexperiences\/\",\"url\":\"https:\/\/mabdesign.fr\/en\/developper-des-anticorps-therapeutiques-partage-dexperiences\/\",\"name\":\"D\u00e9velopper des anticorps th\u00e9rapeutiques : partage d\u2019exp\u00e9riences - MabDesign\",\"isPartOf\":{\"@id\":\"https:\/\/mabdesign.fr\/en\/#website\"},\"primaryImageOfPage\":{\"@id\":\"https:\/\/mabdesign.fr\/en\/developper-des-anticorps-therapeutiques-partage-dexperiences\/#primaryimage\"},\"image\":{\"@id\":\"https:\/\/mabdesign.fr\/en\/developper-des-anticorps-therapeutiques-partage-dexperiences\/#primaryimage\"},\"thumbnailUrl\":\"https:\/\/mabdesign.fr\/wp-content\/uploads\/2023\/10\/Developper-AcM.jpg\",\"datePublished\":\"2015-12-18T19:14:18+00:00\",\"dateModified\":\"2023-10-17T08:34:11+00:00\",\"description\":\"MabDesign a organis\u00e9, en partenariat avec Lyonbiop\u00f4le, une session de partage d\u2019exp\u00e9riences sur la th\u00e9matique \u00ab D\u00e9veloppement des anticorps th\u00e9rapeutiques \u00bb. Les soci\u00e9t\u00e9s impliqu\u00e9es dans le d\u00e9veloppement d\u2019anticorps ont partag\u00e9 leur exp\u00e9rience et leurs besoins technologiques associ\u00e9s. Plus de 40 entreprises ont particip\u00e9 \u00e0 cet \u00e9v\u00e8nement.\",\"breadcrumb\":{\"@id\":\"https:\/\/mabdesign.fr\/en\/developper-des-anticorps-therapeutiques-partage-dexperiences\/#breadcrumb\"},\"inLanguage\":\"en-US\",\"potentialAction\":[{\"@type\":\"ReadAction\",\"target\":[\"https:\/\/mabdesign.fr\/en\/developper-des-anticorps-therapeutiques-partage-dexperiences\/\"]}]},{\"@type\":\"ImageObject\",\"inLanguage\":\"en-US\",\"@id\":\"https:\/\/mabdesign.fr\/en\/developper-des-anticorps-therapeutiques-partage-dexperiences\/#primaryimage\",\"url\":\"https:\/\/mabdesign.fr\/wp-content\/uploads\/2023\/10\/Developper-AcM.jpg\",\"contentUrl\":\"https:\/\/mabdesign.fr\/wp-content\/uploads\/2023\/10\/Developper-AcM.jpg\",\"width\":758,\"height\":578},{\"@type\":\"BreadcrumbList\",\"@id\":\"https:\/\/mabdesign.fr\/en\/developper-des-anticorps-therapeutiques-partage-dexperiences\/#breadcrumb\",\"itemListElement\":[{\"@type\":\"ListItem\",\"position\":1,\"name\":\"Accueil\",\"item\":\"https:\/\/mabdesign.fr\/en\/\"},{\"@type\":\"ListItem\",\"position\":2,\"name\":\"D\u00e9velopper des anticorps th\u00e9rapeutiques : partage d\u2019exp\u00e9riences\"}]},{\"@type\":\"WebSite\",\"@id\":\"https:\/\/mabdesign.fr\/en\/#website\",\"url\":\"https:\/\/mabdesign.fr\/en\/\",\"name\":\"Mabdesign\",\"description\":\"The Biotherapy Expert\",\"publisher\":{\"@id\":\"https:\/\/mabdesign.fr\/en\/#organization\"},\"potentialAction\":[{\"@type\":\"SearchAction\",\"target\":{\"@type\":\"EntryPoint\",\"urlTemplate\":\"https:\/\/mabdesign.fr\/en\/?s={search_term_string}\"},\"query-input\":{\"@type\":\"PropertyValueSpecification\",\"valueRequired\":true,\"valueName\":\"search_term_string\"}}],\"inLanguage\":\"en-US\"},{\"@type\":\"Organization\",\"@id\":\"https:\/\/mabdesign.fr\/en\/#organization\",\"name\":\"Mabdesign\",\"url\":\"https:\/\/mabdesign.fr\/en\/\",\"logo\":{\"@type\":\"ImageObject\",\"inLanguage\":\"en-US\",\"@id\":\"https:\/\/mabdesign.fr\/en\/#\/schema\/logo\/image\/\",\"url\":\"https:\/\/mabdesign.fr\/wp-content\/uploads\/2022\/11\/logo-mabdesign.png\",\"contentUrl\":\"https:\/\/mabdesign.fr\/wp-content\/uploads\/2022\/11\/logo-mabdesign.png\",\"width\":786,\"height\":233,\"caption\":\"Mabdesign\"},\"image\":{\"@id\":\"https:\/\/mabdesign.fr\/en\/#\/schema\/logo\/image\/\"},\"sameAs\":[\"https:\/\/x.com\/MabDesign_fr\",\"https:\/\/www.linkedin.com\/company\/mabdesign\/\"]},{\"@type\":\"Person\",\"@id\":\"https:\/\/mabdesign.fr\/en\/#\/schema\/person\/0a9d0510f7433c83f9e6974b2a9c0135\",\"name\":\"alexis.mathias@kairios.fr\",\"image\":{\"@type\":\"ImageObject\",\"inLanguage\":\"en-US\",\"@id\":\"https:\/\/mabdesign.fr\/en\/#\/schema\/person\/image\/\",\"url\":\"https:\/\/secure.gravatar.com\/avatar\/9f0235d3b23103c20120728bbe93c75ab83e508d42949114def0b4d989a03f94?s=96&d=mm&r=g\",\"contentUrl\":\"https:\/\/secure.gravatar.com\/avatar\/9f0235d3b23103c20120728bbe93c75ab83e508d42949114def0b4d989a03f94?s=96&d=mm&r=g\",\"caption\":\"alexis.mathias@kairios.fr\"},\"sameAs\":[\"http:\/\/mabdesign.fr\"],\"url\":\"https:\/\/mabdesign.fr\/en\/author\/amathiasigtcreative-fr\/\"}]}<\/script>\n<!-- \/ Yoast SEO plugin. -->","yoast_head_json":{"title":"D\u00e9velopper des anticorps th\u00e9rapeutiques : partage d\u2019exp\u00e9riences - MabDesign","description":"MabDesign a organis\u00e9, en partenariat avec Lyonbiop\u00f4le, une session de partage d\u2019exp\u00e9riences sur la th\u00e9matique \u00ab D\u00e9veloppement des anticorps th\u00e9rapeutiques \u00bb. Les soci\u00e9t\u00e9s impliqu\u00e9es dans le d\u00e9veloppement d\u2019anticorps ont partag\u00e9 leur exp\u00e9rience et leurs besoins technologiques associ\u00e9s. Plus de 40 entreprises ont particip\u00e9 \u00e0 cet \u00e9v\u00e8nement.","robots":{"index":"index","follow":"follow","max-snippet":"max-snippet:-1","max-image-preview":"max-image-preview:large","max-video-preview":"max-video-preview:-1"},"canonical":"https:\/\/mabdesign.fr\/en\/developper-des-anticorps-therapeutiques-partage-dexperiences\/","og_locale":"en_US","og_type":"article","og_title":"D\u00e9velopper des anticorps th\u00e9rapeutiques : partage d\u2019exp\u00e9riences - MabDesign","og_description":"MabDesign a organis\u00e9, en partenariat avec Lyonbiop\u00f4le, une session de partage d\u2019exp\u00e9riences sur la th\u00e9matique \u00ab D\u00e9veloppement des anticorps th\u00e9rapeutiques \u00bb. Les soci\u00e9t\u00e9s impliqu\u00e9es dans le d\u00e9veloppement d\u2019anticorps ont partag\u00e9 leur exp\u00e9rience et leurs besoins technologiques associ\u00e9s. Plus de 40 entreprises ont particip\u00e9 \u00e0 cet \u00e9v\u00e8nement.","og_url":"https:\/\/mabdesign.fr\/en\/developper-des-anticorps-therapeutiques-partage-dexperiences\/","og_site_name":"MabDesign","article_published_time":"2015-12-18T19:14:18+00:00","article_modified_time":"2023-10-17T08:34:11+00:00","og_image":[{"width":758,"height":578,"url":"https:\/\/mabdesign.fr\/wp-content\/uploads\/2023\/10\/Developper-AcM.jpg","type":"image\/jpeg"}],"author":"alexis.mathias@kairios.fr","twitter_card":"summary_large_image","twitter_creator":"@MabDesign_fr","twitter_site":"@MabDesign_fr","twitter_misc":{"Written by":"alexis.mathias@kairios.fr"},"schema":{"@context":"https:\/\/schema.org","@graph":[{"@type":"Article","@id":"https:\/\/mabdesign.fr\/en\/developper-des-anticorps-therapeutiques-partage-dexperiences\/#article","isPartOf":{"@id":"https:\/\/mabdesign.fr\/en\/developper-des-anticorps-therapeutiques-partage-dexperiences\/"},"author":{"name":"alexis.mathias@kairios.fr","@id":"https:\/\/mabdesign.fr\/en\/#\/schema\/person\/0a9d0510f7433c83f9e6974b2a9c0135"},"headline":"D\u00e9velopper des anticorps th\u00e9rapeutiques : partage d\u2019exp\u00e9riences","datePublished":"2015-12-18T19:14:18+00:00","dateModified":"2023-10-17T08:34:11+00:00","mainEntityOfPage":{"@id":"https:\/\/mabdesign.fr\/en\/developper-des-anticorps-therapeutiques-partage-dexperiences\/"},"wordCount":70,"publisher":{"@id":"https:\/\/mabdesign.fr\/en\/#organization"},"image":{"@id":"https:\/\/mabdesign.fr\/en\/developper-des-anticorps-therapeutiques-partage-dexperiences\/#primaryimage"},"thumbnailUrl":"https:\/\/mabdesign.fr\/wp-content\/uploads\/2023\/10\/Developper-AcM.jpg","articleSection":["Actualit\u00e9s","Mabdesign"],"inLanguage":"en-US"},{"@type":"WebPage","@id":"https:\/\/mabdesign.fr\/en\/developper-des-anticorps-therapeutiques-partage-dexperiences\/","url":"https:\/\/mabdesign.fr\/en\/developper-des-anticorps-therapeutiques-partage-dexperiences\/","name":"D\u00e9velopper des anticorps th\u00e9rapeutiques : partage d\u2019exp\u00e9riences - MabDesign","isPartOf":{"@id":"https:\/\/mabdesign.fr\/en\/#website"},"primaryImageOfPage":{"@id":"https:\/\/mabdesign.fr\/en\/developper-des-anticorps-therapeutiques-partage-dexperiences\/#primaryimage"},"image":{"@id":"https:\/\/mabdesign.fr\/en\/developper-des-anticorps-therapeutiques-partage-dexperiences\/#primaryimage"},"thumbnailUrl":"https:\/\/mabdesign.fr\/wp-content\/uploads\/2023\/10\/Developper-AcM.jpg","datePublished":"2015-12-18T19:14:18+00:00","dateModified":"2023-10-17T08:34:11+00:00","description":"MabDesign a organis\u00e9, en partenariat avec Lyonbiop\u00f4le, une session de partage d\u2019exp\u00e9riences sur la th\u00e9matique \u00ab D\u00e9veloppement des anticorps th\u00e9rapeutiques \u00bb. Les soci\u00e9t\u00e9s impliqu\u00e9es dans le d\u00e9veloppement d\u2019anticorps ont partag\u00e9 leur exp\u00e9rience et leurs besoins technologiques associ\u00e9s. Plus de 40 entreprises ont particip\u00e9 \u00e0 cet \u00e9v\u00e8nement.","breadcrumb":{"@id":"https:\/\/mabdesign.fr\/en\/developper-des-anticorps-therapeutiques-partage-dexperiences\/#breadcrumb"},"inLanguage":"en-US","potentialAction":[{"@type":"ReadAction","target":["https:\/\/mabdesign.fr\/en\/developper-des-anticorps-therapeutiques-partage-dexperiences\/"]}]},{"@type":"ImageObject","inLanguage":"en-US","@id":"https:\/\/mabdesign.fr\/en\/developper-des-anticorps-therapeutiques-partage-dexperiences\/#primaryimage","url":"https:\/\/mabdesign.fr\/wp-content\/uploads\/2023\/10\/Developper-AcM.jpg","contentUrl":"https:\/\/mabdesign.fr\/wp-content\/uploads\/2023\/10\/Developper-AcM.jpg","width":758,"height":578},{"@type":"BreadcrumbList","@id":"https:\/\/mabdesign.fr\/en\/developper-des-anticorps-therapeutiques-partage-dexperiences\/#breadcrumb","itemListElement":[{"@type":"ListItem","position":1,"name":"Accueil","item":"https:\/\/mabdesign.fr\/en\/"},{"@type":"ListItem","position":2,"name":"D\u00e9velopper des anticorps th\u00e9rapeutiques : partage d\u2019exp\u00e9riences"}]},{"@type":"WebSite","@id":"https:\/\/mabdesign.fr\/en\/#website","url":"https:\/\/mabdesign.fr\/en\/","name":"Mabdesign","description":"The Biotherapy Expert","publisher":{"@id":"https:\/\/mabdesign.fr\/en\/#organization"},"potentialAction":[{"@type":"SearchAction","target":{"@type":"EntryPoint","urlTemplate":"https:\/\/mabdesign.fr\/en\/?s={search_term_string}"},"query-input":{"@type":"PropertyValueSpecification","valueRequired":true,"valueName":"search_term_string"}}],"inLanguage":"en-US"},{"@type":"Organization","@id":"https:\/\/mabdesign.fr\/en\/#organization","name":"Mabdesign","url":"https:\/\/mabdesign.fr\/en\/","logo":{"@type":"ImageObject","inLanguage":"en-US","@id":"https:\/\/mabdesign.fr\/en\/#\/schema\/logo\/image\/","url":"https:\/\/mabdesign.fr\/wp-content\/uploads\/2022\/11\/logo-mabdesign.png","contentUrl":"https:\/\/mabdesign.fr\/wp-content\/uploads\/2022\/11\/logo-mabdesign.png","width":786,"height":233,"caption":"Mabdesign"},"image":{"@id":"https:\/\/mabdesign.fr\/en\/#\/schema\/logo\/image\/"},"sameAs":["https:\/\/x.com\/MabDesign_fr","https:\/\/www.linkedin.com\/company\/mabdesign\/"]},{"@type":"Person","@id":"https:\/\/mabdesign.fr\/en\/#\/schema\/person\/0a9d0510f7433c83f9e6974b2a9c0135","name":"alexis.mathias@kairios.fr","image":{"@type":"ImageObject","inLanguage":"en-US","@id":"https:\/\/mabdesign.fr\/en\/#\/schema\/person\/image\/","url":"https:\/\/secure.gravatar.com\/avatar\/9f0235d3b23103c20120728bbe93c75ab83e508d42949114def0b4d989a03f94?s=96&d=mm&r=g","contentUrl":"https:\/\/secure.gravatar.com\/avatar\/9f0235d3b23103c20120728bbe93c75ab83e508d42949114def0b4d989a03f94?s=96&d=mm&r=g","caption":"alexis.mathias@kairios.fr"},"sameAs":["http:\/\/mabdesign.fr"],"url":"https:\/\/mabdesign.fr\/en\/author\/amathiasigtcreative-fr\/"}]}},"_links":{"self":[{"href":"https:\/\/mabdesign.fr\/en\/wp-json\/wp\/v2\/posts\/16074","targetHints":{"allow":["GET"]}}],"collection":[{"href":"https:\/\/mabdesign.fr\/en\/wp-json\/wp\/v2\/posts"}],"about":[{"href":"https:\/\/mabdesign.fr\/en\/wp-json\/wp\/v2\/types\/post"}],"author":[{"embeddable":true,"href":"https:\/\/mabdesign.fr\/en\/wp-json\/wp\/v2\/users\/1"}],"replies":[{"embeddable":true,"href":"https:\/\/mabdesign.fr\/en\/wp-json\/wp\/v2\/comments?post=16074"}],"version-history":[{"count":0,"href":"https:\/\/mabdesign.fr\/en\/wp-json\/wp\/v2\/posts\/16074\/revisions"}],"wp:featuredmedia":[{"embeddable":true,"href":"https:\/\/mabdesign.fr\/en\/wp-json\/wp\/v2\/media\/8431"}],"wp:attachment":[{"href":"https:\/\/mabdesign.fr\/en\/wp-json\/wp\/v2\/media?parent=16074"}],"wp:term":[{"taxonomy":"category","embeddable":true,"href":"https:\/\/mabdesign.fr\/en\/wp-json\/wp\/v2\/categories?post=16074"},{"taxonomy":"post_tag","embeddable":true,"href":"https:\/\/mabdesign.fr\/en\/wp-json\/wp\/v2\/tags?post=16074"}],"curies":[{"name":"wp","href":"https:\/\/api.w.org\/{rel}","templated":true}]}}